{"id":5596,"date":"2026-03-13T09:04:00","date_gmt":"2026-03-13T08:04:00","guid":{"rendered":"https:\/\/go-racing.pl\/blog\/?p=5596"},"modified":"2026-03-11T12:05:29","modified_gmt":"2026-03-11T11:05:29","slug":"europejski-samochod-roku-2026-mercedes-benz-cla-zwyciezca-car-of-the-year-2026","status":"publish","type":"post","link":"https:\/\/go-racing.pl\/blog\/europejski-samochod-roku-2026-mercedes-benz-cla-zwyciezca-car-of-the-year-2026\/","title":{"rendered":"Europejski Samoch\u00f3d Roku 2026. Mercedes-Benz CLA zwyci\u0119zc\u0105 Car of The Year 2026"},"content":{"rendered":"\n<p>Mercedes wr\u00f3ci\u0142 na szczyt po 52 latach za spraw\u0105<strong> modelu Mercedes-Benz CLA, kt\u00f3ry zdoby\u0142 tytu\u0142 Europejskiego Samochodu Roku 2026<\/strong>. Tym samym wygra\u0142 plebiscyt Car of the Year 2026 z wynikiem 320 punkt\u00f3w, wyprzedzaj\u0105c drug\u0105 \u0160kod\u0119 Elroq a\u017c o 100 oczek i odbieraj\u0105c tytu\u0142 poprzedniemu zwyci\u0119zcy \u2014 <a href=\"https:\/\/go-racing.pl\/k\/renault\" data-internallinksmanager029f6b8e52c=\"5\" title=\"Renault\">Renault<\/a> 5 E-Tech.<\/p>\n\n\n\n<p>To dopiero <strong>drugi triumf marki w historii konkursu<\/strong>, a zarazem mocny sygna\u0142, \u017ce europejsk\u0105 motoryzacj\u0119 nap\u0119dzaj\u0105 dzi\u015b przede wszystkim technologia, efektywno\u015b\u0107 i elektryfikacja.<\/p>\n\n\n\n<h2 class=\"wp-block-heading\">Mercedes-Benz CLA zdoby\u0142 tytu\u0142 Europejskiego Samochodu Roku 2026<\/h2>\n\n\n\n<p>Wyniki tegorocznego plebiscytu og\u0142oszono <strong>9 stycznia 2026 roku podczas Brussels International Motor Show<\/strong>. <strong>Tytu\u0142 Car of the Year 2026 zdoby\u0142 Mercedes-Benz CLA, kt\u00f3ry w fina\u0142owym g\u0142osowaniu uzyska\u0142 320 punkt\u00f3w i wyra\u017anie pokona\u0142 pozosta\u0142ych rywali<\/strong>.<\/p>\n\n\n\n<p>O skali zwyci\u0119stwa \u015bwiadczy r\u00f3wnie\u017c fakt, \u017ce CLA by\u0142 modelem z najwi\u0119ksz\u0105 liczb\u0105 najwy\u017cszych wskaza\u0144 juror\u00f3w. <strong>Otrzyma\u0142 22 pierwsze miejsca<\/strong>.<\/p>\n\n\n\n<p>Na finalny werdykt sk\u0142ada\u0142y si\u0119 g\u0142osy 59 juror\u00f3w z 23 kraj\u00f3w, co dodatkowo podkre\u015bla rang\u0119 tego wyr\u00f3\u017cnienia w europejskiej motoryzacji.<\/p>\n\n\n\n<p>Podium uzupe\u0142ni\u0142y <strong>\u0160koda Elroq z wynikiem 220 punkt\u00f3w oraz Kia EV4, kt\u00f3ra zdoby\u0142a 208 punkt\u00f3w<\/strong>. Za nimi uplasowa\u0142y si\u0119:<\/p>\n\n\n\n<ul class=\"wp-block-list\">\n<li>Citro\u00ebn C5 Aircross (207 pkt),<\/li>\n\n\n\n<li>Fiat Grande Panda (200 pkt),<\/li>\n\n\n\n<li>Dacia Bigster (170 pkt),<\/li>\n\n\n\n<li>Renault 4 (150 pkt).<\/li>\n<\/ul>\n\n\n\n<p>Co istotne, dla Mercedesa to dopiero drugie zwyci\u0119stwo w historii konkursu i pierwsze od 1974 roku, gdy triumfowa\u0142 model 450 SE\/SEL.<\/p>\n\n\n\n<figure class=\"wp-block-image size-full\"><img loading=\"lazy\" decoding=\"async\" width=\"2000\" height=\"1333\" src=\"https:\/\/go-racing.pl\/blog\/wp-content\/uploads\/2026\/03\/AdobeStock_297419541_Editorial_Use_Only-1.jpeg\" alt=\"Mercedes Benz CLA\" class=\"wp-image-5600\"\/><\/figure>\n\n\n\n<h2 class=\"wp-block-heading\">Dlaczego w\u0142a\u015bnie Mercedes CLA?&nbsp;<\/h2>\n\n\n\n<p>Zwyci\u0119stwo Mercedesa nie powinno dziwi\u0107, bo nowy CLA bardzo dobrze wpisuje si\u0119 w to, czego dzi\u015b szuka europejski rynek. <strong>Model \u0142\u0105czy nowoczesny nap\u0119d, wysok\u0105 efektywno\u015b\u0107 i mocne zaplecze technologiczne, a przy tym nie rezygnuje z charakterystycznego dla marki wizerunku premium<\/strong>.<\/p>\n\n\n\n<p>W\u0142a\u015bnie taka mieszanka coraz cz\u0119\u015bciej okazuje si\u0119 kluczowa w konkursach, gdzie <strong>liczy si\u0119 nie tylko presti\u017c, ale te\u017c realna u\u017cyteczno\u015b\u0107 samochodu na co dzie\u0144<\/strong>.<\/p>\n\n\n\n<p>Mercedes mocno akcentuje, \u017ce CLA otwiera dla marki nowy rozdzia\u0142. <strong>Korzysta z debiutanckiego systemu MB.OS, otrzyma\u0142 now\u0105 generacj\u0119 MBUX wspieran\u0105 przez AI, a w elektrycznej odmianie oferuje zasi\u0119g do 792 km WLTP<\/strong>. Do tego dochodzi architektura 800 V, kt\u00f3ra pozwala w sprzyjaj\u0105cych warunkach odzyska\u0107 nawet 325 km zasi\u0119gu w 10 minut \u0142adowania.<\/p>\n\n\n\n<p>Z perspektywy juror\u00f3w taki pakiet mia\u0142 zapewne du\u017ce znaczenie: CLA nie jest wy\u0142\u0105cznie kolejnym nowym Mercedesem, ale samochodem pokazuj\u0105cym, jak producent wyobra\u017ca sobie swoj\u0105 przysz\u0142o\u015b\u0107 w erze elektromobilno\u015bci.<\/p>\n\n\n\n<p>Warto r\u00f3wnie\u017c doda\u0107, \u017ce kilka dni po zdobyciu tytu\u0142u Car of the Year <strong>elektryczny CLA zosta\u0142 uznany przez Euro NCAP za najlepiej oceniony samoch\u00f3d testowany w 2025 roku<\/strong>. Otrzyma\u0142 5 gwiazdek i bardzo mocne wyniki w czterech kategoriach bezpiecze\u0144stwa, co dodatkowo wzmacnia obraz modelu jako jednego z najwa\u017cniejszych debiut\u00f3w ostatnich miesi\u0119cy.<\/p>\n\n\n\n<h2 class=\"wp-block-heading\">Kim byli rywale nowego Mercedesa-Benz CLA?<\/h2>\n\n\n\n<p>Tegoroczny fina\u0142 dobrze pokaza\u0142, w jakim kierunku zmierza europejski rynek. <strong>O tytu\u0142 Car of the Year 2026 walczy\u0142y bowiem modele bardzo r\u00f3\u017cne pod wzgl\u0119dem charakteru, ale wyra\u017anie wpisuj\u0105ce si\u0119 w trend elektryfikacji<\/strong>. W gronie finalist\u00f3w znalaz\u0142y si\u0119:<\/p>\n\n\n\n<ul class=\"wp-block-list\">\n<li>Citro\u00ebn C5 Aircross,<\/li>\n\n\n\n<li>Dacia Bigster,<\/li>\n\n\n\n<li>Fiat Grande Panda,<\/li>\n\n\n\n<li>Kia EV4,<\/li>\n\n\n\n<li>Mercedes-Benz CLA,<\/li>\n\n\n\n<li>Renault 4,<\/li>\n\n\n\n<li>\u0160koda Elroq.<\/li>\n<\/ul>\n\n\n\n<p>Powy\u017csza lista tworzy wa\u017cny kontekst dla zwyci\u0119stwa CLA.<\/p>\n\n\n\n<p>Mercedes nie wygra\u0142 bowiem w stawce przypadkowych rywali, lecz pokona\u0142 auta reprezentuj\u0105ce kilka najmocniejszych nurt\u00f3w wsp\u00f3\u0142czesnej motoryzacji: przyst\u0119pne crossovery, nowe modele elektryczne i samochody nastawione na praktyczno\u015b\u0107. Wyra\u017anie wi\u0119c wida\u0107, \u017ce <strong>jurorzy docenili w CLA po\u0142\u0105czenie nowoczesnej technologii, efektywno\u015bci i wizerunku klasy premium<\/strong>.<\/p>\n\n\n\n<figure class=\"wp-block-image size-full\"><img loading=\"lazy\" decoding=\"async\" width=\"2000\" height=\"1334\" src=\"https:\/\/go-racing.pl\/blog\/wp-content\/uploads\/2026\/03\/AdobeStock_440194941_Editorial_Use_Only-1.jpeg\" alt=\"Mercedes Benz CLA\" class=\"wp-image-5601\"\/><\/figure>\n\n\n\n<h2 class=\"wp-block-heading\">Co wygrana oznacza dla Mercedesa?<\/h2>\n\n\n\n<p>Dla Mercedesa wygrana oznacza wi\u0119cej ni\u017c kolejn\u0105 bran\u017cow\u0105 statuetk\u0119.\u00a0<strong>CLA da\u0142 marce pierwsze zwyci\u0119stwo w konkursie Car of the Year od 1974 roku, a wi\u0119c po 52 latach przerwy<\/strong>.<\/p>\n\n\n\n<p>Taki wynik mo\u017cna odczytywa\u0107 jako potwierdzenie, \u017ce producent trafi\u0142 z now\u0105 generacj\u0105 modelu w oczekiwania europejskiego rynku, kt\u00f3ry coraz mocniej premiuje efektywno\u015b\u0107, nowoczesne technologie i elektryfikacj\u0119.<\/p>\n\n\n\n<p>To r\u00f3wnie\u017c wa\u017cny sygna\u0142 wizerunkowy. Nowy CLA ma by\u0107 dla Mercedesa jednym z symboli przej\u015bcia do nowej epoki \u2014 bardziej cyfrowej, bardziej zelektryfikowanej i mocniej nastawionej na wydajno\u015b\u0107 ni\u017c wcze\u015bniej.<\/p>\n\n\n\n<p>Skoro w\u0142a\u015bnie ten model zdoby\u0142 tytu\u0142 Europejskiego Samochodu Roku 2026, marka zyskuje mocny argument, \u017ce nowy kierunek rozwoju zosta\u0142 dostrze\u017cony nie tylko przez klient\u00f3w, ale te\u017c przez bran\u017cowe jury.<\/p>\n\n\n\n<h2 class=\"wp-block-heading\">Podsumowanie<\/h2>\n\n\n\n<p>Zwyci\u0119stwo Mercedesa-Benz CLA pokazuje szersz\u0105 zmian\u0119 zachodz\u0105c\u0105 w europejskiej motoryzacji. Dzi\u015b o sukcesie coraz cz\u0119\u015bciej decyduje ju\u017c nie sama moc czy presti\u017c logo, lecz umiej\u0119tno\u015b\u0107 po\u0142\u0105czenia technologii, efektywno\u015bci i codziennej u\u017cyteczno\u015bci w jednym, sp\u00f3jnym projekcie.<\/p>\n\n\n\n<p>Dla Mercedesa to wa\u017cny sukces wizerunkowy, a dla ca\u0142ej bran\u017cy kolejny sygna\u0142, w jakim kierunku zmierza wsp\u00f3\u0142czesna motoryzacja.<\/p>\n","protected":false},"excerpt":{"rendered":"<p>Mercedes wr\u00f3ci\u0142 na szczyt po 52 latach za spraw\u0105 modelu Mercedes-Benz CLA, kt\u00f3ry zdoby\u0142 tytu\u0142 Europejskiego Samochodu Roku 2026. Tym samym wygra\u0142 plebiscyt Car of the Year 2026 z wynikiem 320 punkt\u00f3w, wyprzedzaj\u0105c drug\u0105 \u0160kod\u0119 Elroq a\u017c o 100 oczek i odbieraj\u0105c tytu\u0142 poprzedniemu zwyci\u0119zcy \u2014 Renault 5 E-Tech. To dopiero drugi triumf marki w [&hellip;]<\/p>\n","protected":false},"author":101028,"featured_media":5598,"comment_status":"open","ping_status":"open","sticky":false,"template":"","format":"standard","meta":{"footnotes":""},"categories":[11,146],"tags":[],"reaction":[],"class_list":["post-5596","post","type-post","status-publish","format-standard","has-post-thumbnail","hentry","category-aktualnosci","category-ciekawostki"],"blocksy_meta":[],"yoast_head":"<!-- This site is optimized with the Yoast SEO plugin v27.4 - https:\/\/yoast.com\/product\/yoast-seo-wordpress\/ -->\n<title>Europejski Samoch\u00f3d Roku 2026. Mercedes-Benz CLA<\/title>\n<meta name=\"description\" content=\"Mercedes-Benz CLA zdoby\u0142 tytu\u0142 Europejskiego Samochodu Roku 2026 w Brukseli. Sprawd\u017a, za co docenili go jurorzy konkursu Car of The Year.\" \/>\n<meta name=\"robots\" content=\"index, follow, max-snippet:-1, max-image-preview:large, max-video-preview:-1\" \/>\n<link rel=\"canonical\" href=\"https:\/\/go-racing.pl\/blog\/europejski-samochod-roku-2026-mercedes-benz-cla-zwyciezca-car-of-the-year-2026\/\" \/>\n<meta property=\"og:locale\" content=\"pl_PL\" \/>\n<meta property=\"og:type\" content=\"article\" \/>\n<meta property=\"og:title\" content=\"Europejski Samoch\u00f3d Roku 2026. Mercedes-Benz CLA\" \/>\n<meta property=\"og:description\" content=\"Mercedes-Benz CLA zdoby\u0142 tytu\u0142 Europejskiego Samochodu Roku 2026 w Brukseli. Sprawd\u017a, za co docenili go jurorzy konkursu Car of The Year.\" \/>\n<meta property=\"og:url\" content=\"https:\/\/go-racing.pl\/blog\/europejski-samochod-roku-2026-mercedes-benz-cla-zwyciezca-car-of-the-year-2026\/\" \/>\n<meta property=\"og:site_name\" content=\"Go-racing\" \/>\n<meta property=\"article:publisher\" content=\"https:\/\/www.facebook.com\/goracingpl\" \/>\n<meta property=\"article:published_time\" content=\"2026-03-13T08:04:00+00:00\" \/>\n<meta property=\"og:image\" content=\"https:\/\/go-racing.pl\/blog\/wp-content\/uploads\/2026\/03\/AdobeStock_1614688190_Editorial_Use_Only-1.jpeg\" \/>\n\t<meta property=\"og:image:width\" content=\"2000\" \/>\n\t<meta property=\"og:image:height\" content=\"1132\" \/>\n\t<meta property=\"og:image:type\" content=\"image\/jpeg\" \/>\n<meta name=\"author\" content=\"Fabian Kozio\u0142ek\" \/>\n<meta name=\"twitter:card\" content=\"summary_large_image\" \/>\n<meta name=\"twitter:creator\" content=\"@goracing_pl\" \/>\n<meta name=\"twitter:site\" content=\"@goracing_pl\" \/>\n<meta name=\"twitter:label1\" content=\"Napisane przez\" \/>\n\t<meta name=\"twitter:data1\" content=\"Fabian Kozio\u0142ek\" \/>\n\t<meta name=\"twitter:label2\" content=\"Szacowany czas czytania\" \/>\n\t<meta name=\"twitter:data2\" content=\"5 minut\" \/>\n<script type=\"application\/ld+json\" class=\"yoast-schema-graph\">{\"@context\":\"https:\\\/\\\/schema.org\",\"@graph\":[{\"@type\":\"Article\",\"@id\":\"https:\\\/\\\/go-racing.pl\\\/blog\\\/europejski-samochod-roku-2026-mercedes-benz-cla-zwyciezca-car-of-the-year-2026\\\/#article\",\"isPartOf\":{\"@id\":\"https:\\\/\\\/go-racing.pl\\\/blog\\\/europejski-samochod-roku-2026-mercedes-benz-cla-zwyciezca-car-of-the-year-2026\\\/\"},\"author\":{\"name\":\"Fabian Kozio\u0142ek\",\"@id\":\"https:\\\/\\\/go-racing.pl\\\/blog\\\/#\\\/schema\\\/person\\\/a678d7f28dcd83e14c0eca3efb56552a\"},\"headline\":\"Europejski Samoch\u00f3d Roku 2026. Mercedes-Benz CLA zwyci\u0119zc\u0105 Car of The Year 2026\",\"datePublished\":\"2026-03-13T08:04:00+00:00\",\"mainEntityOfPage\":{\"@id\":\"https:\\\/\\\/go-racing.pl\\\/blog\\\/europejski-samochod-roku-2026-mercedes-benz-cla-zwyciezca-car-of-the-year-2026\\\/\"},\"wordCount\":781,\"commentCount\":0,\"publisher\":{\"@id\":\"https:\\\/\\\/go-racing.pl\\\/blog\\\/#organization\"},\"image\":{\"@id\":\"https:\\\/\\\/go-racing.pl\\\/blog\\\/europejski-samochod-roku-2026-mercedes-benz-cla-zwyciezca-car-of-the-year-2026\\\/#primaryimage\"},\"thumbnailUrl\":\"https:\\\/\\\/go-racing.pl\\\/blog\\\/wp-content\\\/uploads\\\/2026\\\/03\\\/AdobeStock_1614688190_Editorial_Use_Only-1.jpeg\",\"articleSection\":[\"Aktualno\u015bci\",\"Ciekawostki\"],\"inLanguage\":\"pl-PL\",\"potentialAction\":[{\"@type\":\"CommentAction\",\"name\":\"Comment\",\"target\":[\"https:\\\/\\\/go-racing.pl\\\/blog\\\/europejski-samochod-roku-2026-mercedes-benz-cla-zwyciezca-car-of-the-year-2026\\\/#respond\"]}]},{\"@type\":\"WebPage\",\"@id\":\"https:\\\/\\\/go-racing.pl\\\/blog\\\/europejski-samochod-roku-2026-mercedes-benz-cla-zwyciezca-car-of-the-year-2026\\\/\",\"url\":\"https:\\\/\\\/go-racing.pl\\\/blog\\\/europejski-samochod-roku-2026-mercedes-benz-cla-zwyciezca-car-of-the-year-2026\\\/\",\"name\":\"Europejski Samoch\u00f3d Roku 2026. Mercedes-Benz CLA\",\"isPartOf\":{\"@id\":\"https:\\\/\\\/go-racing.pl\\\/blog\\\/#website\"},\"primaryImageOfPage\":{\"@id\":\"https:\\\/\\\/go-racing.pl\\\/blog\\\/europejski-samochod-roku-2026-mercedes-benz-cla-zwyciezca-car-of-the-year-2026\\\/#primaryimage\"},\"image\":{\"@id\":\"https:\\\/\\\/go-racing.pl\\\/blog\\\/europejski-samochod-roku-2026-mercedes-benz-cla-zwyciezca-car-of-the-year-2026\\\/#primaryimage\"},\"thumbnailUrl\":\"https:\\\/\\\/go-racing.pl\\\/blog\\\/wp-content\\\/uploads\\\/2026\\\/03\\\/AdobeStock_1614688190_Editorial_Use_Only-1.jpeg\",\"datePublished\":\"2026-03-13T08:04:00+00:00\",\"description\":\"Mercedes-Benz CLA zdoby\u0142 tytu\u0142 Europejskiego Samochodu Roku 2026 w Brukseli. Sprawd\u017a, za co docenili go jurorzy konkursu Car of The Year.\",\"breadcrumb\":{\"@id\":\"https:\\\/\\\/go-racing.pl\\\/blog\\\/europejski-samochod-roku-2026-mercedes-benz-cla-zwyciezca-car-of-the-year-2026\\\/#breadcrumb\"},\"inLanguage\":\"pl-PL\",\"potentialAction\":[{\"@type\":\"ReadAction\",\"target\":[\"https:\\\/\\\/go-racing.pl\\\/blog\\\/europejski-samochod-roku-2026-mercedes-benz-cla-zwyciezca-car-of-the-year-2026\\\/\"]}]},{\"@type\":\"ImageObject\",\"inLanguage\":\"pl-PL\",\"@id\":\"https:\\\/\\\/go-racing.pl\\\/blog\\\/europejski-samochod-roku-2026-mercedes-benz-cla-zwyciezca-car-of-the-year-2026\\\/#primaryimage\",\"url\":\"https:\\\/\\\/go-racing.pl\\\/blog\\\/wp-content\\\/uploads\\\/2026\\\/03\\\/AdobeStock_1614688190_Editorial_Use_Only-1.jpeg\",\"contentUrl\":\"https:\\\/\\\/go-racing.pl\\\/blog\\\/wp-content\\\/uploads\\\/2026\\\/03\\\/AdobeStock_1614688190_Editorial_Use_Only-1.jpeg\",\"width\":2000,\"height\":1132,\"caption\":\"Mercedes Benz CLA\"},{\"@type\":\"BreadcrumbList\",\"@id\":\"https:\\\/\\\/go-racing.pl\\\/blog\\\/europejski-samochod-roku-2026-mercedes-benz-cla-zwyciezca-car-of-the-year-2026\\\/#breadcrumb\",\"itemListElement\":[{\"@type\":\"ListItem\",\"position\":1,\"name\":\"Strona g\u0142\u00f3wna\",\"item\":\"https:\\\/\\\/go-racing.pl\\\/blog\\\/\"},{\"@type\":\"ListItem\",\"position\":2,\"name\":\"Europejski Samoch\u00f3d Roku 2026. Mercedes-Benz CLA zwyci\u0119zc\u0105 Car of The Year 2026\"}]},{\"@type\":\"WebSite\",\"@id\":\"https:\\\/\\\/go-racing.pl\\\/blog\\\/#website\",\"url\":\"https:\\\/\\\/go-racing.pl\\\/blog\\\/\",\"name\":\"Go-racing\",\"description\":\"Fotorelacje z imprez, newsy motoryzacyjne, szczeg\u00f3\u0142owe opisy sportowych aut.\",\"publisher\":{\"@id\":\"https:\\\/\\\/go-racing.pl\\\/blog\\\/#organization\"},\"potentialAction\":[{\"@type\":\"SearchAction\",\"target\":{\"@type\":\"EntryPoint\",\"urlTemplate\":\"https:\\\/\\\/go-racing.pl\\\/blog\\\/?s={search_term_string}\"},\"query-input\":{\"@type\":\"PropertyValueSpecification\",\"valueRequired\":true,\"valueName\":\"search_term_string\"}}],\"inLanguage\":\"pl-PL\"},{\"@type\":\"Organization\",\"@id\":\"https:\\\/\\\/go-racing.pl\\\/blog\\\/#organization\",\"name\":\"go-racing\",\"url\":\"https:\\\/\\\/go-racing.pl\\\/blog\\\/\",\"logo\":{\"@type\":\"ImageObject\",\"inLanguage\":\"pl-PL\",\"@id\":\"https:\\\/\\\/go-racing.pl\\\/blog\\\/#\\\/schema\\\/logo\\\/image\\\/\",\"url\":\"https:\\\/\\\/go-racing.pl\\\/blog\\\/wp-content\\\/uploads\\\/2015\\\/05\\\/logo.jpg\",\"contentUrl\":\"https:\\\/\\\/go-racing.pl\\\/blog\\\/wp-content\\\/uploads\\\/2015\\\/05\\\/logo.jpg\",\"width\":113,\"height\":32,\"caption\":\"go-racing\"},\"image\":{\"@id\":\"https:\\\/\\\/go-racing.pl\\\/blog\\\/#\\\/schema\\\/logo\\\/image\\\/\"},\"sameAs\":[\"https:\\\/\\\/www.facebook.com\\\/goracingpl\",\"https:\\\/\\\/x.com\\\/goracing_pl\",\"https:\\\/\\\/instagram.com\\\/go_racing_pl\",\"https:\\\/\\\/www.youtube.com\\\/channel\\\/UCEdVDV_efJn6tpPWXefkCGQ\"]},{\"@type\":\"Person\",\"@id\":\"https:\\\/\\\/go-racing.pl\\\/blog\\\/#\\\/schema\\\/person\\\/a678d7f28dcd83e14c0eca3efb56552a\",\"name\":\"Fabian Kozio\u0142ek\",\"image\":{\"@type\":\"ImageObject\",\"inLanguage\":\"pl-PL\",\"@id\":\"https:\\\/\\\/secure.gravatar.com\\\/avatar\\\/95e26156ea08c6a0fd3455057ef9fcd86b408874d3120de25dbba63b247528fb?s=96&d=mm&r=g\",\"url\":\"https:\\\/\\\/secure.gravatar.com\\\/avatar\\\/95e26156ea08c6a0fd3455057ef9fcd86b408874d3120de25dbba63b247528fb?s=96&d=mm&r=g\",\"contentUrl\":\"https:\\\/\\\/secure.gravatar.com\\\/avatar\\\/95e26156ea08c6a0fd3455057ef9fcd86b408874d3120de25dbba63b247528fb?s=96&d=mm&r=g\",\"caption\":\"Fabian Kozio\u0142ek\"},\"description\":\"Absolwent Uniwersytetu \u015al\u0105skiego, gdzie zdoby\u0142 tytu\u0142 magistra filozofii. Akademicka droga ukszta\u0142towa\u0142a w nim g\u0142\u0119bokie zrozumienie dla z\u0142o\u017cono\u015bci \u015bwiata, co odnajduje tak\u017ce w motoryzacji \u2014 dziedzinie, kt\u00f3r\u0105 od lat opisuje. Jako autor artyku\u0142\u00f3w motoryzacyjnych (i nie tylko) \u0142\u0105czy precyzj\u0119 fakt\u00f3w z filozoficznym zaci\u0119ciem do poszukiwania g\u0142\u0119bszych znacze\u0144 i trend\u00f3w. Szczeg\u00f3lnie upodoba\u0142 sobie kultowe marki, takie jak Ford Mustang i Ferrari, kt\u00f3re \u0142\u0105cz\u0105 w sobie si\u0142\u0119, styl i innowacyjno\u015b\u0107 \u2014 dla autora warto\u015bci kluczowe zar\u00f3wno w motoryzacji, jak i w \u017cyciu. Prywatnie prowadzi poczytnego bloga o wszystkim, co m\u0119skie. Ponadto zg\u0142\u0119bia tajniki sztucznej inteligencji.\"}]}<\/script>\n<!-- \/ Yoast SEO plugin. -->","yoast_head_json":{"title":"Europejski Samoch\u00f3d Roku 2026. Mercedes-Benz CLA","description":"Mercedes-Benz CLA zdoby\u0142 tytu\u0142 Europejskiego Samochodu Roku 2026 w Brukseli. Sprawd\u017a, za co docenili go jurorzy konkursu Car of The Year.","robots":{"index":"index","follow":"follow","max-snippet":"max-snippet:-1","max-image-preview":"max-image-preview:large","max-video-preview":"max-video-preview:-1"},"canonical":"https:\/\/go-racing.pl\/blog\/europejski-samochod-roku-2026-mercedes-benz-cla-zwyciezca-car-of-the-year-2026\/","og_locale":"pl_PL","og_type":"article","og_title":"Europejski Samoch\u00f3d Roku 2026. Mercedes-Benz CLA","og_description":"Mercedes-Benz CLA zdoby\u0142 tytu\u0142 Europejskiego Samochodu Roku 2026 w Brukseli. Sprawd\u017a, za co docenili go jurorzy konkursu Car of The Year.","og_url":"https:\/\/go-racing.pl\/blog\/europejski-samochod-roku-2026-mercedes-benz-cla-zwyciezca-car-of-the-year-2026\/","og_site_name":"Go-racing","article_publisher":"https:\/\/www.facebook.com\/goracingpl","article_published_time":"2026-03-13T08:04:00+00:00","og_image":[{"width":2000,"height":1132,"url":"https:\/\/go-racing.pl\/blog\/wp-content\/uploads\/2026\/03\/AdobeStock_1614688190_Editorial_Use_Only-1.jpeg","type":"image\/jpeg"}],"author":"Fabian Kozio\u0142ek","twitter_card":"summary_large_image","twitter_creator":"@goracing_pl","twitter_site":"@goracing_pl","twitter_misc":{"Napisane przez":"Fabian Kozio\u0142ek","Szacowany czas czytania":"5 minut"},"schema":{"@context":"https:\/\/schema.org","@graph":[{"@type":"Article","@id":"https:\/\/go-racing.pl\/blog\/europejski-samochod-roku-2026-mercedes-benz-cla-zwyciezca-car-of-the-year-2026\/#article","isPartOf":{"@id":"https:\/\/go-racing.pl\/blog\/europejski-samochod-roku-2026-mercedes-benz-cla-zwyciezca-car-of-the-year-2026\/"},"author":{"name":"Fabian Kozio\u0142ek","@id":"https:\/\/go-racing.pl\/blog\/#\/schema\/person\/a678d7f28dcd83e14c0eca3efb56552a"},"headline":"Europejski Samoch\u00f3d Roku 2026. Mercedes-Benz CLA zwyci\u0119zc\u0105 Car of The Year 2026","datePublished":"2026-03-13T08:04:00+00:00","mainEntityOfPage":{"@id":"https:\/\/go-racing.pl\/blog\/europejski-samochod-roku-2026-mercedes-benz-cla-zwyciezca-car-of-the-year-2026\/"},"wordCount":781,"commentCount":0,"publisher":{"@id":"https:\/\/go-racing.pl\/blog\/#organization"},"image":{"@id":"https:\/\/go-racing.pl\/blog\/europejski-samochod-roku-2026-mercedes-benz-cla-zwyciezca-car-of-the-year-2026\/#primaryimage"},"thumbnailUrl":"https:\/\/go-racing.pl\/blog\/wp-content\/uploads\/2026\/03\/AdobeStock_1614688190_Editorial_Use_Only-1.jpeg","articleSection":["Aktualno\u015bci","Ciekawostki"],"inLanguage":"pl-PL","potentialAction":[{"@type":"CommentAction","name":"Comment","target":["https:\/\/go-racing.pl\/blog\/europejski-samochod-roku-2026-mercedes-benz-cla-zwyciezca-car-of-the-year-2026\/#respond"]}]},{"@type":"WebPage","@id":"https:\/\/go-racing.pl\/blog\/europejski-samochod-roku-2026-mercedes-benz-cla-zwyciezca-car-of-the-year-2026\/","url":"https:\/\/go-racing.pl\/blog\/europejski-samochod-roku-2026-mercedes-benz-cla-zwyciezca-car-of-the-year-2026\/","name":"Europejski Samoch\u00f3d Roku 2026. Mercedes-Benz CLA","isPartOf":{"@id":"https:\/\/go-racing.pl\/blog\/#website"},"primaryImageOfPage":{"@id":"https:\/\/go-racing.pl\/blog\/europejski-samochod-roku-2026-mercedes-benz-cla-zwyciezca-car-of-the-year-2026\/#primaryimage"},"image":{"@id":"https:\/\/go-racing.pl\/blog\/europejski-samochod-roku-2026-mercedes-benz-cla-zwyciezca-car-of-the-year-2026\/#primaryimage"},"thumbnailUrl":"https:\/\/go-racing.pl\/blog\/wp-content\/uploads\/2026\/03\/AdobeStock_1614688190_Editorial_Use_Only-1.jpeg","datePublished":"2026-03-13T08:04:00+00:00","description":"Mercedes-Benz CLA zdoby\u0142 tytu\u0142 Europejskiego Samochodu Roku 2026 w Brukseli. Sprawd\u017a, za co docenili go jurorzy konkursu Car of The Year.","breadcrumb":{"@id":"https:\/\/go-racing.pl\/blog\/europejski-samochod-roku-2026-mercedes-benz-cla-zwyciezca-car-of-the-year-2026\/#breadcrumb"},"inLanguage":"pl-PL","potentialAction":[{"@type":"ReadAction","target":["https:\/\/go-racing.pl\/blog\/europejski-samochod-roku-2026-mercedes-benz-cla-zwyciezca-car-of-the-year-2026\/"]}]},{"@type":"ImageObject","inLanguage":"pl-PL","@id":"https:\/\/go-racing.pl\/blog\/europejski-samochod-roku-2026-mercedes-benz-cla-zwyciezca-car-of-the-year-2026\/#primaryimage","url":"https:\/\/go-racing.pl\/blog\/wp-content\/uploads\/2026\/03\/AdobeStock_1614688190_Editorial_Use_Only-1.jpeg","contentUrl":"https:\/\/go-racing.pl\/blog\/wp-content\/uploads\/2026\/03\/AdobeStock_1614688190_Editorial_Use_Only-1.jpeg","width":2000,"height":1132,"caption":"Mercedes Benz CLA"},{"@type":"BreadcrumbList","@id":"https:\/\/go-racing.pl\/blog\/europejski-samochod-roku-2026-mercedes-benz-cla-zwyciezca-car-of-the-year-2026\/#breadcrumb","itemListElement":[{"@type":"ListItem","position":1,"name":"Strona g\u0142\u00f3wna","item":"https:\/\/go-racing.pl\/blog\/"},{"@type":"ListItem","position":2,"name":"Europejski Samoch\u00f3d Roku 2026. Mercedes-Benz CLA zwyci\u0119zc\u0105 Car of The Year 2026"}]},{"@type":"WebSite","@id":"https:\/\/go-racing.pl\/blog\/#website","url":"https:\/\/go-racing.pl\/blog\/","name":"Go-racing","description":"Fotorelacje z imprez, newsy motoryzacyjne, szczeg\u00f3\u0142owe opisy sportowych aut.","publisher":{"@id":"https:\/\/go-racing.pl\/blog\/#organization"},"potentialAction":[{"@type":"SearchAction","target":{"@type":"EntryPoint","urlTemplate":"https:\/\/go-racing.pl\/blog\/?s={search_term_string}"},"query-input":{"@type":"PropertyValueSpecification","valueRequired":true,"valueName":"search_term_string"}}],"inLanguage":"pl-PL"},{"@type":"Organization","@id":"https:\/\/go-racing.pl\/blog\/#organization","name":"go-racing","url":"https:\/\/go-racing.pl\/blog\/","logo":{"@type":"ImageObject","inLanguage":"pl-PL","@id":"https:\/\/go-racing.pl\/blog\/#\/schema\/logo\/image\/","url":"https:\/\/go-racing.pl\/blog\/wp-content\/uploads\/2015\/05\/logo.jpg","contentUrl":"https:\/\/go-racing.pl\/blog\/wp-content\/uploads\/2015\/05\/logo.jpg","width":113,"height":32,"caption":"go-racing"},"image":{"@id":"https:\/\/go-racing.pl\/blog\/#\/schema\/logo\/image\/"},"sameAs":["https:\/\/www.facebook.com\/goracingpl","https:\/\/x.com\/goracing_pl","https:\/\/instagram.com\/go_racing_pl","https:\/\/www.youtube.com\/channel\/UCEdVDV_efJn6tpPWXefkCGQ"]},{"@type":"Person","@id":"https:\/\/go-racing.pl\/blog\/#\/schema\/person\/a678d7f28dcd83e14c0eca3efb56552a","name":"Fabian Kozio\u0142ek","image":{"@type":"ImageObject","inLanguage":"pl-PL","@id":"https:\/\/secure.gravatar.com\/avatar\/95e26156ea08c6a0fd3455057ef9fcd86b408874d3120de25dbba63b247528fb?s=96&d=mm&r=g","url":"https:\/\/secure.gravatar.com\/avatar\/95e26156ea08c6a0fd3455057ef9fcd86b408874d3120de25dbba63b247528fb?s=96&d=mm&r=g","contentUrl":"https:\/\/secure.gravatar.com\/avatar\/95e26156ea08c6a0fd3455057ef9fcd86b408874d3120de25dbba63b247528fb?s=96&d=mm&r=g","caption":"Fabian Kozio\u0142ek"},"description":"Absolwent Uniwersytetu \u015al\u0105skiego, gdzie zdoby\u0142 tytu\u0142 magistra filozofii. Akademicka droga ukszta\u0142towa\u0142a w nim g\u0142\u0119bokie zrozumienie dla z\u0142o\u017cono\u015bci \u015bwiata, co odnajduje tak\u017ce w motoryzacji \u2014 dziedzinie, kt\u00f3r\u0105 od lat opisuje. Jako autor artyku\u0142\u00f3w motoryzacyjnych (i nie tylko) \u0142\u0105czy precyzj\u0119 fakt\u00f3w z filozoficznym zaci\u0119ciem do poszukiwania g\u0142\u0119bszych znacze\u0144 i trend\u00f3w. Szczeg\u00f3lnie upodoba\u0142 sobie kultowe marki, takie jak Ford Mustang i Ferrari, kt\u00f3re \u0142\u0105cz\u0105 w sobie si\u0142\u0119, styl i innowacyjno\u015b\u0107 \u2014 dla autora warto\u015bci kluczowe zar\u00f3wno w motoryzacji, jak i w \u017cyciu. Prywatnie prowadzi poczytnego bloga o wszystkim, co m\u0119skie. Ponadto zg\u0142\u0119bia tajniki sztucznej inteligencji."}]}},"wps_subtitle":"","amp_enabled":true,"_links":{"self":[{"href":"https:\/\/go-racing.pl\/blog\/wp-json\/wp\/v2\/posts\/5596","targetHints":{"allow":["GET"]}}],"collection":[{"href":"https:\/\/go-racing.pl\/blog\/wp-json\/wp\/v2\/posts"}],"about":[{"href":"https:\/\/go-racing.pl\/blog\/wp-json\/wp\/v2\/types\/post"}],"author":[{"embeddable":true,"href":"https:\/\/go-racing.pl\/blog\/wp-json\/wp\/v2\/users\/101028"}],"replies":[{"embeddable":true,"href":"https:\/\/go-racing.pl\/blog\/wp-json\/wp\/v2\/comments?post=5596"}],"version-history":[{"count":2,"href":"https:\/\/go-racing.pl\/blog\/wp-json\/wp\/v2\/posts\/5596\/revisions"}],"predecessor-version":[{"id":5602,"href":"https:\/\/go-racing.pl\/blog\/wp-json\/wp\/v2\/posts\/5596\/revisions\/5602"}],"wp:featuredmedia":[{"embeddable":true,"href":"https:\/\/go-racing.pl\/blog\/wp-json\/wp\/v2\/media\/5598"}],"wp:attachment":[{"href":"https:\/\/go-racing.pl\/blog\/wp-json\/wp\/v2\/media?parent=5596"}],"wp:term":[{"taxonomy":"category","embeddable":true,"href":"https:\/\/go-racing.pl\/blog\/wp-json\/wp\/v2\/categories?post=5596"},{"taxonomy":"post_tag","embeddable":true,"href":"https:\/\/go-racing.pl\/blog\/wp-json\/wp\/v2\/tags?post=5596"},{"taxonomy":"reaction","embeddable":true,"href":"https:\/\/go-racing.pl\/blog\/wp-json\/wp\/v2\/reaction?post=5596"}],"curies":[{"name":"wp","href":"https:\/\/api.w.org\/{rel}","templated":true}]}}