{"id":5422,"date":"2025-10-11T10:42:00","date_gmt":"2025-10-11T08:42:00","guid":{"rendered":"https:\/\/go-racing.pl\/blog\/?p=5422"},"modified":"2025-10-08T14:20:36","modified_gmt":"2025-10-08T12:20:36","slug":"swiatla-do-jazdy-dziennej-jak-wlaczyc-i-kiedy-uzywac","status":"publish","type":"post","link":"https:\/\/go-racing.pl\/blog\/swiatla-do-jazdy-dziennej-jak-wlaczyc-i-kiedy-uzywac\/","title":{"rendered":"\u015awiat\u0142a do jazdy dziennej. Jak w\u0142\u0105czy\u0107 i kiedy u\u017cywa\u0107?"},"content":{"rendered":"\n<p>\u015awiat\u0142a do jazdy dziennej (DRL) to element wyposa\u017cenia, kt\u00f3ry znajduje si\u0119 w wi\u0119kszo\u015bci nowych samochod\u00f3w. Ich zadaniem jest poprawa widoczno\u015bci pojazdu w ci\u0105gu dnia i zwi\u0119kszenie bezpiecze\u0144stwa na drodze. Oczywiste? Nie do ko\u0144ca. Wielu kierowc\u00f3w wci\u0105\u017c ma w\u0105tpliwo\u015bci, kiedy stosowa\u0107 je zamiast \u015bwiate\u0142 mijania i jak robi\u0107 to prawid\u0142owo.<\/p>\n\n\n\n<p>Dlatego w artykule wyja\u015bniamy, czym s\u0105 DRL, jak dzia\u0142aj\u0105 oraz kiedy wolno z nich korzysta\u0107, a kiedy konieczne jest prze\u0142\u0105czenie o\u015bwietlenia.<\/p>\n\n\n\n<h2 class=\"wp-block-heading\">Czym s\u0105 \u015bwiat\u0142a do jazdy dziennej (DRL) i do czego s\u0142u\u017c\u0105?<\/h2>\n\n\n\n<p>\u015awiat\u0142a do jazdy dziennej, znane pod skr\u00f3tem DRL (Daytime Running Lights), to specjalne \u015bwiat\u0142a samochodowe montowane z przodu pojazdu, kt\u00f3re zosta\u0142y stworzone z my\u015bl\u0105 o poprawie bezpiecze\u0144stwa w ruchu drogowym. Ich zadanie jest proste: sprawi\u0107, by samoch\u00f3d by\u0142 dobrze widoczny w ci\u0105gu dnia.<\/p>\n\n\n\n<p>W przeciwie\u0144stwie do reflektor\u00f3w mijania, DRL nie o\u015bwietlaj\u0105 jezdni ani nie aktywuj\u0105 tylnych \u015bwiate\u0142 pozycyjnych, tylko pomagaj\u0105 innym kierowcom i pieszym szybciej dostrzec nadje\u017cd\u017caj\u0105ce auto.<\/p>\n\n\n\n<p>Istniej\u0105 zatem kluczowe r\u00f3\u017cnice mi\u0119dzy nimi a innymi rodzajami o\u015bwietlenia:<\/p>\n\n\n\n<ul class=\"wp-block-list\">\n<li><strong>Reflektory mijania<\/strong> maj\u0105 du\u017c\u0105 moc i pozwalaj\u0105 prowadzi\u0107 pojazd po zmroku czy podczas z\u0142ych warunk\u00f3w pogodowych.<\/li>\n\n\n\n<li><strong>\u015awiat\u0142a pozycyjne<\/strong> pe\u0142ni\u0105 funkcj\u0119 sygnalizacyjn\u0105 \u2014 wyznaczaj\u0105 kontury pojazdu, ale nie zwi\u0119kszaj\u0105 znacz\u0105co jego widoczno\u015bci.<\/li>\n\n\n\n<li><strong>DRL <\/strong>plasuj\u0105 si\u0119 pomi\u0119dzy tymi rozwi\u0105zaniami. S\u0105 s\u0142absze od \u015bwiate\u0142 mijania, lecz znacznie skuteczniejsze od pozycyjnych, bo ich rola to bycie zauwa\u017conym w ruchu.<\/li>\n<\/ul>\n\n\n\n<p>Korzy\u015bci ze stosowania \u015bwiate\u0142 do jazdy dziennej s\u0105 wielowymiarowe:<\/p>\n\n\n\n<ul class=\"wp-block-list\">\n<li>Przede wszystkim<strong>zwi\u0119kszaj\u0105 bezpiecze\u0144stwo<\/strong>, poniewa\u017c pojazd jest szybciej zauwa\u017cany na drodze, co skraca czas reakcji innych uczestnik\u00f3w ruchu.<\/li>\n\n\n\n<li>Ponadto <strong>zu\u017cywaj\u0105 bardzo ma\u0142o energii<\/strong>(szczeg\u00f3lnie, gdy s\u0105 wykonane w technologii LED), co zmniejsza obci\u0105\u017cenie alternatora i nieznacznie wp\u0142ywa na spalanie.<\/li>\n\n\n\n<li>Wreszcie, <strong>ograniczaj\u0105 zu\u017cycie reflektor\u00f3w mijania<\/strong>, kt\u00f3re nie musz\u0105 \u015bwieci\u0107 w dzie\u0144. Wyd\u0142u\u017ca to ich \u017cywotno\u015b\u0107.<\/li>\n<\/ul>\n\n\n\n<p>Po\u0142\u0105czenie bezpiecze\u0144stwa, oszcz\u0119dno\u015bci i wygody sprawi\u0142o, \u017ce DRL sta\u0142y si\u0119 obecnie standardowym elementem wyposa\u017cenia samochod\u00f3w. Kierowcy doceniaj\u0105 je nie tylko za praktyczne zalety, ale i za nowoczesny wygl\u0105d, jaki nadaj\u0105 pojazdom.<\/p>\n\n\n\n<h2 class=\"wp-block-heading\">Jak w\u0142\u0105czy\u0107 \u015bwiat\u0142a do jazdy dziennej w r\u00f3\u017cnych samochodach?<\/h2>\n\n\n\n<figure class=\"wp-block-image size-full\"><img loading=\"lazy\" decoding=\"async\" width=\"2000\" height=\"1334\" src=\"https:\/\/go-racing.pl\/blog\/wp-content\/uploads\/2025\/10\/AdobeStock_598429650.jpeg\" alt=\"Prze\u0142\u0105cznik \u015bwiate\u0142 w samochodzie\" class=\"wp-image-5423\"\/><\/figure>\n\n\n\n<p><strong>W nowoczesnych samochodach obs\u0142uga \u015bwiate\u0142 do jazdy dziennej jest w pe\u0142ni automatyczna<\/strong>. Wystarczy przekr\u0119ci\u0107 kluczyk w stacyjce lub nacisn\u0105\u0107 przycisk \u201cStart\/Stop\u201d, a DRL uruchamiaj\u0105 si\u0119 same. Kierowca nie musi pami\u0119ta\u0107 o dodatkowych czynno\u015bciach \u2014 uk\u0142ad dzia\u0142a niezale\u017cnie i dba o to, aby pojazd by\u0142 widoczny od pierwszych sekund jazdy.<\/p>\n\n\n\n<p><strong>W wielu innych modelach producenci stosuj\u0105 prze\u0142\u0105czniki oznaczone symbolem \u201cAuto\u201d<\/strong>. W tym trybie czujnik zmierzchu decyduje, czy w\u0142\u0105czy\u0107 DRL, czy \u015bwiat\u0142a mijania. Kierowca ma wi\u0119c wygod\u0119, ale powinien zachowa\u0107 czujno\u015b\u0107 \u2014 w trudnych warunkach pogodowych czujnik mo\u017ce nie zareagowa\u0107 wystarczaj\u0105co szybko.<\/p>\n\n\n\n<p><strong>Starsze samochody, kt\u00f3re nie maj\u0105 zautomatyzowanych system\u00f3w, wymagaj\u0105 r\u0119cznego w\u0142\u0105czenia \u015bwiate\u0142<\/strong>. Najcz\u0119\u015bciej odbywa si\u0119 to poprzez ustawienie pokr\u0119t\u0142a w pozycji oznaczonej napisem \u201cDRL\u201d. Niekiedy zamiast napisu widnieje tam symbol przypominaj\u0105cy lamp\u0119 ze strza\u0142kami (czasem snopami \u015bwiat\u0142a) skierowanymi poziomo.<\/p>\n\n\n\n<p>W modelach, gdzie takiej funkcji nie ma, kierowcy zazwyczaj korzystaj\u0105 z klasycznych \u015bwiate\u0142 mijania. Doposa\u017cenie auta w modu\u0142 DRL wymaga instalacji dodatkowych element\u00f3w elektrycznych.<\/p>\n\n\n\n<p class=\"has-text-align-center\">\u2014<\/p>\n\n\n\n<p>Warto te\u017c wiedzie\u0107, kiedy \u015bwiat\u0142a dzienne gasn\u0105 lub prze\u0142\u0105czaj\u0105 si\u0119 automatycznie na reflektory mijania. Dzieje si\u0119 to w momencie, gdy:<\/p>\n\n\n\n<ul class=\"wp-block-list\">\n<li>zapada zmrok i czujnik zmierzchu wykryje niski poziom \u015bwiat\u0142a,<\/li>\n\n\n\n<li>samoch\u00f3d wje\u017cd\u017ca do tunelu,<\/li>\n\n\n\n<li>kierowca sam prze\u0142\u0105czy pokr\u0119t\u0142o na tryb mijania.<\/li>\n<\/ul>\n\n\n\n<p>Za dzia\u0142anie \u015bwiate\u0142 odpowiadaj\u0105 specjalne modu\u0142y DRL oraz czujniki, kt\u00f3re wsp\u00f3\u0142pracuj\u0105 z instalacj\u0105 elektryczn\u0105 pojazdu. <strong>Je\u015bli kt\u00f3ry\u015b z element\u00f3w zawiedzie, o\u015bwietlenie mo\u017ce dzia\u0142a\u0107 nieprawid\u0142owo<\/strong>. Dlatego w przypadku awarii warto sprawdzi\u0107 instalacj\u0119 w warsztacie, a nie polega\u0107 wy\u0142\u0105cznie na fabrycznych ustawieniach.<\/p>\n\n\n\n<h2 class=\"wp-block-heading\">Kiedy i w jakich warunkach mo\u017cna u\u017cywa\u0107 \u015bwiate\u0142 do jazdy dziennej zamiast \u015bwiate\u0142 mijania?<\/h2>\n\n\n\n<p>Zasady korzystania ze \u015bwiate\u0142 do jazdy dziennej w Polsce reguluje Prawo o ruchu drogowym, a dok\u0142adniej przepisy Art. 51. Podaj\u0105 one, \u017ce w ci\u0105gu dnia, przy dobrej przejrzysto\u015bci powietrza, kierowca mo\u017ce u\u017cywa\u0107 \u015bwiate\u0142 dziennych zamiast reflektor\u00f3w mijania. Warunek jest jeden: musz\u0105 to by\u0107 lampy homologowane i prawid\u0142owo zamontowane.<\/p>\n\n\n\n<p>Podstawowa zasada brzmi zatem: <strong>na DRL mo\u017cna je\u017adzi\u0107 od \u015bwitu do zmierzchu, ale tylko przy dobrej widoczno\u015bci<\/strong>.<\/p>\n\n\n\n<p>Oznacza to, \u017ce w pe\u0142nym s\u0142o\u0144cu lub w jasny, bezchmurny dzie\u0144 \u015bwiat\u0142a mijania nie s\u0105 konieczne. Dzi\u0119ki temu kierowcy korzystaj\u0105 z oszcz\u0119dno\u015bci energii i mniejszego zu\u017cycia reflektor\u00f3w.<\/p>\n\n\n\n<p>S\u0105 jednak sytuacje, w kt\u00f3rych korzystanie wy\u0142\u0105cznie z DRL jest zabronione i niebezpieczne. Wtedy wymagane jest prze\u0142\u0105czenie na \u015bwiat\u0142a mijania.<\/p>\n\n\n\n<p>Dotyczy to zw\u0142aszcza moment\u00f3w, gdy:<\/p>\n\n\n\n<ul class=\"wp-block-list\">\n<li><strong>widoczno\u015b\u0107 pogarszaj\u0105 warunki atmosferyczne<\/strong>, takie jak mg\u0142a, intensywny deszcz czy opady \u015bniegu,<\/li>\n\n\n\n<li><strong>samoch\u00f3d porusza si\u0119 po tunelu<\/strong> lub innych zaciemnionych odcinkach drogi,<\/li>\n\n\n\n<li><strong>zapada zmierzch<\/strong> albo nadchodzi noc i konieczne jest o\u015bwietlenie drogi przed pojazdem.<\/li>\n<\/ul>\n\n\n\n<p>Przepisy s\u0105 tutaj jednoznaczne: \u015bwiat\u0142a dzienne poprawiaj\u0105 widoczno\u015b\u0107 pojazdu, ale nie o\u015bwietlaj\u0105 trasy. Dlatego nie mog\u0105 zast\u0119powa\u0107 reflektor\u00f3w mijania w sytuacjach, gdy droga wymaga do\u015bwietlenia.<\/p>\n\n\n\n<p>Brak zmiany \u015bwiate\u0142 w takich warunkach mo\u017ce sko\u0144czy\u0107 si\u0119 nie tylko mandatem, ale przede wszystkim zagro\u017ceniem dla bezpiecze\u0144stwa wszystkich uczestnik\u00f3w ruchu.<\/p>\n\n\n\n<h2 class=\"wp-block-heading\">Jak wygl\u0105da u\u017cycie DRL w Polsce? Obowi\u0105zek jazdy na \u015bwiat\u0142ach, wyj\u0105tki, sankcje<\/h2>\n\n\n\n<figure class=\"wp-block-image size-full\"><img loading=\"lazy\" decoding=\"async\" width=\"2000\" height=\"1333\" src=\"https:\/\/go-racing.pl\/blog\/wp-content\/uploads\/2025\/10\/AdobeStock_99749294.jpeg\" alt=\"\u015awiat\u0142a do jazdy dziennej\" class=\"wp-image-5425\"\/><\/figure>\n\n\n\n<p><strong>Polskie przepisy nak\u0142adaj\u0105 na kierowc\u00f3w obowi\u0105zek jazdy z w\u0142\u0105czonymi \u015bwiat\u0142ami przez ca\u0142\u0105 dob\u0119, niezale\u017cnie od pory roku<\/strong>. Od 2007 roku mo\u017cna w tym celu u\u017cywa\u0107 \u015bwiate\u0142 do jazdy dziennej, ale wy\u0142\u0105cznie w ci\u0105gu dnia i przy dobrej przejrzysto\u015bci powietrza.<\/p>\n\n\n\n<p>W praktyce oznacza to, \u017ce kierowca ma wyb\u00f3r: \u015bwiat\u0142a mijania lub homologowane DRL.<\/p>\n\n\n\n<p>Nie wszystkie pojazdy mog\u0105 jednak korzysta\u0107 z tego udogodnienia. W przypadku starszych samochod\u00f3w, kt\u00f3re fabrycznie nie zosta\u0142y wyposa\u017cone w \u015bwiat\u0142a dzienne, jedyn\u0105 opcj\u0105 jest u\u017cywanie reflektor\u00f3w mijania. Monta\u017c dodatkowych lamp DRL jest dozwolony, ale tylko wtedy, gdy spe\u0142niaj\u0105 one wymagania homologacyjne i zosta\u0142y zamontowane zgodnie z przepisami.<\/p>\n\n\n\n<p><strong>Niew\u0142a\u015bciwe u\u017cywanie \u015bwiate\u0142 wi\u0105\u017ce si\u0119 z sankcjami<\/strong>. Policja mo\u017ce na\u0142o\u017cy\u0107 mandat w wysoko\u015bci do kilkuset z\u0142otych i przyzna\u0107 punkty karne za jazd\u0119 na DRL w z\u0142ych warunkach atmosferycznych czy po zmroku. Co wi\u0119cej, w przypadku kolizji spowodowanej brakiem w\u0142a\u015bciwego o\u015bwietlenia odpowiedzialno\u015b\u0107 kierowcy jest trudna do podwa\u017cenia.<\/p>\n\n\n\n<p>Warto r\u00f3wnie\u017c pami\u0119ta\u0107, \u017ce przepisy dok\u0142adnie okre\u015blaj\u0105 wymogi techniczne \u015bwiate\u0142 dziennych. Dotycz\u0105 one mi\u0119dzy innymi:<\/p>\n\n\n\n<ul class=\"wp-block-list\">\n<li>odpowiedniej <strong>homologacji<\/strong>,<\/li>\n\n\n\n<li><strong>wysoko\u015bci monta\u017cu<\/strong> (mi\u0119dzy 25 a 150 cm nad ziemi\u0105),<\/li>\n\n\n\n<li><strong>odleg\u0142o\u015bci mi\u0119dzy lampami<\/strong> (minimum 60 cm, a w ma\u0142ych autach 40 cm),<\/li>\n\n\n\n<li><strong>symetryczno\u015bci <\/strong>wzgl\u0119dem wysoko\u015bci i osi samochodu,<\/li>\n\n\n\n<li>oraz <strong>umieszczenia w obrysie pojazdu<\/strong> (nie mog\u0105 wystawa\u0107 poza niego).<\/li>\n<\/ul>\n\n\n\n<p>Dzi\u0119ki tym regulacjom \u015bwiat\u0142a dzienne poprawiaj\u0105 bezpiecze\u0144stwo, nie stwarzaj\u0105c zagro\u017cenia dla pozosta\u0142ych kierowc\u00f3w.<\/p>\n\n\n\n<h2 class=\"wp-block-heading\">Czy warto montowa\u0107 DRL w samochodzie, kt\u00f3ry ich nie ma?<\/h2>\n\n\n\n<p>Wielu w\u0142a\u015bcicieli starszych aut zastanawia si\u0119, czy dodatkowy monta\u017c \u015bwiate\u0142 do jazdy dziennej ma sens. Argument\u00f3w przemawiaj\u0105cych za takim rozwi\u0105zaniem jest sporo.<\/p>\n\n\n\n<p><strong>Zalety monta\u017cu DRL<\/strong>:<\/p>\n\n\n\n<ul class=\"wp-block-list\">\n<li>lepsza widoczno\u015b\u0107 na drodze, a wi\u0119c wi\u0119ksze bezpiecze\u0144stwo,<\/li>\n\n\n\n<li>ni\u017cszy pob\u00f3r energii w por\u00f3wnaniu ze \u015bwiat\u0142ami mijania,<\/li>\n\n\n\n<li>mniejsze zu\u017cycie reflektor\u00f3w, kt\u00f3re nie musz\u0105 pracowa\u0107 w dzie\u0144,<\/li>\n\n\n\n<li>wzgl\u0119dy estetyczne \u2014 DRL nadaj\u0105 samochodowi nowoczesny wygl\u0105d.<\/li>\n<\/ul>\n\n\n\n<p>Z drugiej strony decyzja o monta\u017cu wi\u0105\u017ce si\u0119 te\u017c z pewnymi ryzykami i ograniczeniami.<\/p>\n\n\n\n<p><strong>Wady i pu\u0142apki<\/strong>:<\/p>\n\n\n\n<ul class=\"wp-block-list\">\n<li>tanie zestawy bez homologacji mog\u0105 skutkowa\u0107 mandatem i problemami na przegl\u0105dzie,<\/li>\n\n\n\n<li>b\u0142\u0119dny monta\u017c nieraz prowadzi do usterek instalacji elektrycznej,<\/li>\n\n\n\n<li>\u017ale ustawione lampy \u015bwiec\u0105 zbyt nisko, zbyt wysoko lub o\u015blepiaj\u0105 innych,<\/li>\n\n\n\n<li>nieprawid\u0142owe dzia\u0142anie czujnik\u00f3w lub modu\u0142\u00f3w w samochodzie.<\/li>\n<\/ul>\n\n\n\n<p>Nale\u017cy tak\u017ce pami\u0119ta\u0107 o przepisach. Co prawda dopuszczaj\u0105 one monta\u017c dodatkowych \u015bwiate\u0142 dziennych, ale <strong>wy\u0142\u0105cznie takich, kt\u00f3re posiadaj\u0105 homologacj\u0119 oznaczon\u0105 liter\u0105 \u201cE\u201d<\/strong> w okr\u0119gu i s\u0105 zamontowane zgodnie z wymaganiami co do wysoko\u015bci i rozstawu.<\/p>\n\n\n\n<p>Dlatego warto zleci\u0107 instalacj\u0119 profesjonalistom. Tylko wtedy DRL b\u0119d\u0105 realnym wsparciem w codziennej je\u017adzie, a nie \u017ar\u00f3d\u0142em k\u0142opot\u00f3w.<\/p>\n\n\n\n<h2 class=\"wp-block-heading\">Najcz\u0119stsze b\u0142\u0119dy kierowc\u00f3w zwi\u0105zane z DRL i jak ich unikn\u0105\u0107<\/h2>\n\n\n\n<p>Mimo \u017ce \u015bwiat\u0142a do jazdy dziennej s\u0105 \u0142atwe w obs\u0142udze, wielu kierowc\u00f3w pope\u0142nia proste b\u0142\u0119dy, kt\u00f3re mog\u0105 prowadzi\u0107 do niebezpiecznych sytuacji lub problem\u00f3w z prawem. Oto najcz\u0119stsze z nich:<\/p>\n\n\n\n<ul class=\"wp-block-list\">\n<li><strong>Pozostawienie DRL przy s\u0142abej widoczno\u015bci<\/strong>\u2014 Cz\u0119stym b\u0142\u0119dem kierowc\u00f3w jest brak prze\u0142\u0105czenia si\u0119 na \u015bwiat\u0142a mijania podczas deszczu, mg\u0142y czy opad\u00f3w \u015bniegu. \u015awiat\u0142a dzienne nie o\u015bwietlaj\u0105 drogi i nie \u015bwiec\u0105 z ty\u0142u, przez co w trudnych warunkach nie zapewniaj\u0105 wystarczaj\u0105cego bezpiecze\u0144stwa.<\/li>\n\n\n\n<li><strong>Zbyt du\u017ce zaufanie do trybu \u201cAuto\u201d<\/strong> \u2014 Czujnik zmierzchu bywa zawodny, szczeg\u00f3lnie przy nag\u0142ych zmianach pogody lub w p\u00f3\u0142cieniu. Kierowca powinien zatem kontrolowa\u0107, czy \u015bwiat\u0142a faktycznie dostosowa\u0142y si\u0119 do warunk\u00f3w.<\/li>\n\n\n\n<li><strong>Monta\u017c lamp bez homologacji<\/strong> \u2014 Tanie zestawy z niesprawdzonego \u017ar\u00f3d\u0142a cz\u0119sto nie spe\u0142niaj\u0105 wymog\u00f3w prawnych. Mog\u0105 \u015bwieci\u0107 zbyt mocno, o\u015blepiaj\u0105c innych, lub zbyt s\u0142abo, przez co samoch\u00f3d staje si\u0119 ma\u0142o widoczny.<\/li>\n\n\n\n<li><strong>Nieprawid\u0142owe umiejscowienie \u015bwiate\u0142<\/strong> \u2014 DRL zamontowane zbyt nisko, zbyt wysoko lub zbyt blisko siebie nie tylko wygl\u0105daj\u0105 nieestetycznie, ale przede wszystkim mog\u0105 by\u0107 niezgodne z przepisami.<\/li>\n\n\n\n<li><strong>Brak kontroli technicznej<\/strong>\u2014 Przepalone diody czy uszkodzony modu\u0142 DRL \u0142atwo przeoczy\u0107, szczeg\u00f3lnie \u017ce kierowca widzi lampy tylko podczas postoju. Regularne sprawdzanie stanu \u015bwiate\u0142 pozwala unikn\u0105\u0107 takich problem\u00f3w.<\/li>\n<\/ul>\n\n\n\n<p>Wyeliminowanie powy\u017cszych b\u0142\u0119d\u00f3w nie wymaga wiele wysi\u0142ku. Wystarczy uwa\u017cno\u015b\u0107, znajomo\u015b\u0107 przepis\u00f3w i dba\u0142o\u015b\u0107 o stan techniczny pojazdu. W zamian otrzymamy pewno\u015b\u0107, \u017ce DRL faktycznie spe\u0142niaj\u0105 swoj\u0105 rol\u0119 i sprzyjaj\u0105 bezpiecze\u0144stwu.<\/p>\n\n\n\n<h2 class=\"wp-block-heading\">Podsumowanie<\/h2>\n\n\n\n<p>Wiemy ju\u017c, czym s\u0105 \u015bwiat\u0142a do jazdy dziennej, kiedy u\u017cywa\u0107 tego o\u015bwietlenia i do czego s\u0142u\u017cy.<\/p>\n\n\n\n<p>Jednak ka\u017cdy kierowca powinien r\u00f3wnie\u017c sprawdzi\u0107, czy jego samoch\u00f3d jest wyposa\u017cony w homologowane DRL i czy dzia\u0142aj\u0105 one poprawnie. Je\u015bli auto nie ma tego rozwi\u0105zania, dopuszczalny jest monta\u017c dodatkowych lamp (pod warunkiem przestrzegania wymog\u00f3w prawnych i technicznych).<\/p>\n\n\n\n<p>Najwa\u017cniejsza zasada pozostaje prosta: <strong>w trudnych warunkach nie polegaj na DRL, tylko prze\u0142\u0105cz si\u0119 na \u015bwiat\u0142a mijania<\/strong>. To niewielki gest, kt\u00f3ry mo\u017ce zdecydowa\u0107 o bezpiecze\u0144stwie na drodze.<\/p>\n","protected":false},"excerpt":{"rendered":"<p>\u015awiat\u0142a do jazdy dziennej (DRL) to element wyposa\u017cenia, kt\u00f3ry znajduje si\u0119 w wi\u0119kszo\u015bci nowych samochod\u00f3w. Ich zadaniem jest poprawa widoczno\u015bci pojazdu w ci\u0105gu dnia i zwi\u0119kszenie bezpiecze\u0144stwa na drodze. Oczywiste? Nie do ko\u0144ca. Wielu kierowc\u00f3w wci\u0105\u017c ma w\u0105tpliwo\u015bci, kiedy stosowa\u0107 je zamiast \u015bwiate\u0142 mijania i jak robi\u0107 to prawid\u0142owo. Dlatego w artykule wyja\u015bniamy, czym s\u0105 [&hellip;]<\/p>\n","protected":false},"author":101028,"featured_media":5424,"comment_status":"open","ping_status":"open","sticky":false,"template":"","format":"standard","meta":{"footnotes":""},"categories":[146,169],"tags":[],"reaction":[],"class_list":["post-5422","post","type-post","status-publish","format-standard","has-post-thumbnail","hentry","category-ciekawostki","category-poradniki"],"blocksy_meta":[],"yoast_head":"<!-- This site is optimized with the Yoast SEO plugin v27.4 - https:\/\/yoast.com\/product\/yoast-seo-wordpress\/ -->\n<title>\u015awiat\u0142a do jazdy dziennej. Jak w\u0142\u0105czy\u0107 i kiedy u\u017cywa\u0107? - Go-racing<\/title>\n<meta name=\"description\" content=\"Na czym polega u\u017cywanie \u015bwiate\u0142 do jazdy dziennej? Sprawd\u017a jak w\u0142\u0105czy\u0107 \u015bwiat\u0142a mijania i kiedy ich u\u017cywa\u0107, aby zadba\u0107 o widoczno\u015b\u0107.\" \/>\n<meta name=\"robots\" content=\"index, follow, max-snippet:-1, max-image-preview:large, max-video-preview:-1\" \/>\n<link rel=\"canonical\" href=\"https:\/\/go-racing.pl\/blog\/swiatla-do-jazdy-dziennej-jak-wlaczyc-i-kiedy-uzywac\/\" \/>\n<meta property=\"og:locale\" content=\"pl_PL\" \/>\n<meta property=\"og:type\" content=\"article\" \/>\n<meta property=\"og:title\" content=\"\u015awiat\u0142a do jazdy dziennej. Jak w\u0142\u0105czy\u0107 i kiedy u\u017cywa\u0107? - Go-racing\" \/>\n<meta property=\"og:description\" content=\"Na czym polega u\u017cywanie \u015bwiate\u0142 do jazdy dziennej? Sprawd\u017a jak w\u0142\u0105czy\u0107 \u015bwiat\u0142a mijania i kiedy ich u\u017cywa\u0107, aby zadba\u0107 o widoczno\u015b\u0107.\" \/>\n<meta property=\"og:url\" content=\"https:\/\/go-racing.pl\/blog\/swiatla-do-jazdy-dziennej-jak-wlaczyc-i-kiedy-uzywac\/\" \/>\n<meta property=\"og:site_name\" content=\"Go-racing\" \/>\n<meta property=\"article:publisher\" content=\"https:\/\/www.facebook.com\/goracingpl\" \/>\n<meta property=\"article:published_time\" content=\"2025-10-11T08:42:00+00:00\" \/>\n<meta property=\"og:image\" content=\"https:\/\/go-racing.pl\/blog\/wp-content\/uploads\/2025\/10\/AdobeStock_1693675930.jpeg\" \/>\n\t<meta property=\"og:image:width\" content=\"1920\" \/>\n\t<meta property=\"og:image:height\" content=\"1281\" \/>\n\t<meta property=\"og:image:type\" content=\"image\/jpeg\" \/>\n<meta name=\"author\" content=\"Fabian Kozio\u0142ek\" \/>\n<meta name=\"twitter:card\" content=\"summary_large_image\" \/>\n<meta name=\"twitter:creator\" content=\"@goracing_pl\" \/>\n<meta name=\"twitter:site\" content=\"@goracing_pl\" \/>\n<meta name=\"twitter:label1\" content=\"Napisane przez\" \/>\n\t<meta name=\"twitter:data1\" content=\"Fabian Kozio\u0142ek\" \/>\n\t<meta name=\"twitter:label2\" content=\"Szacowany czas czytania\" \/>\n\t<meta name=\"twitter:data2\" content=\"10 minut\" \/>\n<script type=\"application\/ld+json\" class=\"yoast-schema-graph\">{\"@context\":\"https:\\\/\\\/schema.org\",\"@graph\":[{\"@type\":\"Article\",\"@id\":\"https:\\\/\\\/go-racing.pl\\\/blog\\\/swiatla-do-jazdy-dziennej-jak-wlaczyc-i-kiedy-uzywac\\\/#article\",\"isPartOf\":{\"@id\":\"https:\\\/\\\/go-racing.pl\\\/blog\\\/swiatla-do-jazdy-dziennej-jak-wlaczyc-i-kiedy-uzywac\\\/\"},\"author\":{\"name\":\"Fabian Kozio\u0142ek\",\"@id\":\"https:\\\/\\\/go-racing.pl\\\/blog\\\/#\\\/schema\\\/person\\\/a678d7f28dcd83e14c0eca3efb56552a\"},\"headline\":\"\u015awiat\u0142a do jazdy dziennej. Jak w\u0142\u0105czy\u0107 i kiedy u\u017cywa\u0107?\",\"datePublished\":\"2025-10-11T08:42:00+00:00\",\"mainEntityOfPage\":{\"@id\":\"https:\\\/\\\/go-racing.pl\\\/blog\\\/swiatla-do-jazdy-dziennej-jak-wlaczyc-i-kiedy-uzywac\\\/\"},\"wordCount\":1807,\"commentCount\":0,\"publisher\":{\"@id\":\"https:\\\/\\\/go-racing.pl\\\/blog\\\/#organization\"},\"image\":{\"@id\":\"https:\\\/\\\/go-racing.pl\\\/blog\\\/swiatla-do-jazdy-dziennej-jak-wlaczyc-i-kiedy-uzywac\\\/#primaryimage\"},\"thumbnailUrl\":\"https:\\\/\\\/go-racing.pl\\\/blog\\\/wp-content\\\/uploads\\\/2025\\\/10\\\/AdobeStock_1693675930.jpeg\",\"articleSection\":[\"Ciekawostki\",\"Poradniki\"],\"inLanguage\":\"pl-PL\",\"potentialAction\":[{\"@type\":\"CommentAction\",\"name\":\"Comment\",\"target\":[\"https:\\\/\\\/go-racing.pl\\\/blog\\\/swiatla-do-jazdy-dziennej-jak-wlaczyc-i-kiedy-uzywac\\\/#respond\"]}]},{\"@type\":\"WebPage\",\"@id\":\"https:\\\/\\\/go-racing.pl\\\/blog\\\/swiatla-do-jazdy-dziennej-jak-wlaczyc-i-kiedy-uzywac\\\/\",\"url\":\"https:\\\/\\\/go-racing.pl\\\/blog\\\/swiatla-do-jazdy-dziennej-jak-wlaczyc-i-kiedy-uzywac\\\/\",\"name\":\"\u015awiat\u0142a do jazdy dziennej. Jak w\u0142\u0105czy\u0107 i kiedy u\u017cywa\u0107? - Go-racing\",\"isPartOf\":{\"@id\":\"https:\\\/\\\/go-racing.pl\\\/blog\\\/#website\"},\"primaryImageOfPage\":{\"@id\":\"https:\\\/\\\/go-racing.pl\\\/blog\\\/swiatla-do-jazdy-dziennej-jak-wlaczyc-i-kiedy-uzywac\\\/#primaryimage\"},\"image\":{\"@id\":\"https:\\\/\\\/go-racing.pl\\\/blog\\\/swiatla-do-jazdy-dziennej-jak-wlaczyc-i-kiedy-uzywac\\\/#primaryimage\"},\"thumbnailUrl\":\"https:\\\/\\\/go-racing.pl\\\/blog\\\/wp-content\\\/uploads\\\/2025\\\/10\\\/AdobeStock_1693675930.jpeg\",\"datePublished\":\"2025-10-11T08:42:00+00:00\",\"description\":\"Na czym polega u\u017cywanie \u015bwiate\u0142 do jazdy dziennej? Sprawd\u017a jak w\u0142\u0105czy\u0107 \u015bwiat\u0142a mijania i kiedy ich u\u017cywa\u0107, aby zadba\u0107 o widoczno\u015b\u0107.\",\"breadcrumb\":{\"@id\":\"https:\\\/\\\/go-racing.pl\\\/blog\\\/swiatla-do-jazdy-dziennej-jak-wlaczyc-i-kiedy-uzywac\\\/#breadcrumb\"},\"inLanguage\":\"pl-PL\",\"potentialAction\":[{\"@type\":\"ReadAction\",\"target\":[\"https:\\\/\\\/go-racing.pl\\\/blog\\\/swiatla-do-jazdy-dziennej-jak-wlaczyc-i-kiedy-uzywac\\\/\"]}]},{\"@type\":\"ImageObject\",\"inLanguage\":\"pl-PL\",\"@id\":\"https:\\\/\\\/go-racing.pl\\\/blog\\\/swiatla-do-jazdy-dziennej-jak-wlaczyc-i-kiedy-uzywac\\\/#primaryimage\",\"url\":\"https:\\\/\\\/go-racing.pl\\\/blog\\\/wp-content\\\/uploads\\\/2025\\\/10\\\/AdobeStock_1693675930.jpeg\",\"contentUrl\":\"https:\\\/\\\/go-racing.pl\\\/blog\\\/wp-content\\\/uploads\\\/2025\\\/10\\\/AdobeStock_1693675930.jpeg\",\"width\":1920,\"height\":1281,\"caption\":\"Jad\u0105cy samoch\u00f3d\"},{\"@type\":\"BreadcrumbList\",\"@id\":\"https:\\\/\\\/go-racing.pl\\\/blog\\\/swiatla-do-jazdy-dziennej-jak-wlaczyc-i-kiedy-uzywac\\\/#breadcrumb\",\"itemListElement\":[{\"@type\":\"ListItem\",\"position\":1,\"name\":\"Strona g\u0142\u00f3wna\",\"item\":\"https:\\\/\\\/go-racing.pl\\\/blog\\\/\"},{\"@type\":\"ListItem\",\"position\":2,\"name\":\"\u015awiat\u0142a do jazdy dziennej. Jak w\u0142\u0105czy\u0107 i kiedy u\u017cywa\u0107?\"}]},{\"@type\":\"WebSite\",\"@id\":\"https:\\\/\\\/go-racing.pl\\\/blog\\\/#website\",\"url\":\"https:\\\/\\\/go-racing.pl\\\/blog\\\/\",\"name\":\"Go-racing\",\"description\":\"Fotorelacje z imprez, newsy motoryzacyjne, szczeg\u00f3\u0142owe opisy sportowych aut.\",\"publisher\":{\"@id\":\"https:\\\/\\\/go-racing.pl\\\/blog\\\/#organization\"},\"potentialAction\":[{\"@type\":\"SearchAction\",\"target\":{\"@type\":\"EntryPoint\",\"urlTemplate\":\"https:\\\/\\\/go-racing.pl\\\/blog\\\/?s={search_term_string}\"},\"query-input\":{\"@type\":\"PropertyValueSpecification\",\"valueRequired\":true,\"valueName\":\"search_term_string\"}}],\"inLanguage\":\"pl-PL\"},{\"@type\":\"Organization\",\"@id\":\"https:\\\/\\\/go-racing.pl\\\/blog\\\/#organization\",\"name\":\"go-racing\",\"url\":\"https:\\\/\\\/go-racing.pl\\\/blog\\\/\",\"logo\":{\"@type\":\"ImageObject\",\"inLanguage\":\"pl-PL\",\"@id\":\"https:\\\/\\\/go-racing.pl\\\/blog\\\/#\\\/schema\\\/logo\\\/image\\\/\",\"url\":\"https:\\\/\\\/go-racing.pl\\\/blog\\\/wp-content\\\/uploads\\\/2015\\\/05\\\/logo.jpg\",\"contentUrl\":\"https:\\\/\\\/go-racing.pl\\\/blog\\\/wp-content\\\/uploads\\\/2015\\\/05\\\/logo.jpg\",\"width\":113,\"height\":32,\"caption\":\"go-racing\"},\"image\":{\"@id\":\"https:\\\/\\\/go-racing.pl\\\/blog\\\/#\\\/schema\\\/logo\\\/image\\\/\"},\"sameAs\":[\"https:\\\/\\\/www.facebook.com\\\/goracingpl\",\"https:\\\/\\\/x.com\\\/goracing_pl\",\"https:\\\/\\\/instagram.com\\\/go_racing_pl\",\"https:\\\/\\\/www.youtube.com\\\/channel\\\/UCEdVDV_efJn6tpPWXefkCGQ\"]},{\"@type\":\"Person\",\"@id\":\"https:\\\/\\\/go-racing.pl\\\/blog\\\/#\\\/schema\\\/person\\\/a678d7f28dcd83e14c0eca3efb56552a\",\"name\":\"Fabian Kozio\u0142ek\",\"image\":{\"@type\":\"ImageObject\",\"inLanguage\":\"pl-PL\",\"@id\":\"https:\\\/\\\/secure.gravatar.com\\\/avatar\\\/95e26156ea08c6a0fd3455057ef9fcd86b408874d3120de25dbba63b247528fb?s=96&d=mm&r=g\",\"url\":\"https:\\\/\\\/secure.gravatar.com\\\/avatar\\\/95e26156ea08c6a0fd3455057ef9fcd86b408874d3120de25dbba63b247528fb?s=96&d=mm&r=g\",\"contentUrl\":\"https:\\\/\\\/secure.gravatar.com\\\/avatar\\\/95e26156ea08c6a0fd3455057ef9fcd86b408874d3120de25dbba63b247528fb?s=96&d=mm&r=g\",\"caption\":\"Fabian Kozio\u0142ek\"},\"description\":\"Absolwent Uniwersytetu \u015al\u0105skiego, gdzie zdoby\u0142 tytu\u0142 magistra filozofii. Akademicka droga ukszta\u0142towa\u0142a w nim g\u0142\u0119bokie zrozumienie dla z\u0142o\u017cono\u015bci \u015bwiata, co odnajduje tak\u017ce w motoryzacji \u2014 dziedzinie, kt\u00f3r\u0105 od lat opisuje. Jako autor artyku\u0142\u00f3w motoryzacyjnych (i nie tylko) \u0142\u0105czy precyzj\u0119 fakt\u00f3w z filozoficznym zaci\u0119ciem do poszukiwania g\u0142\u0119bszych znacze\u0144 i trend\u00f3w. Szczeg\u00f3lnie upodoba\u0142 sobie kultowe marki, takie jak Ford Mustang i Ferrari, kt\u00f3re \u0142\u0105cz\u0105 w sobie si\u0142\u0119, styl i innowacyjno\u015b\u0107 \u2014 dla autora warto\u015bci kluczowe zar\u00f3wno w motoryzacji, jak i w \u017cyciu. Prywatnie prowadzi poczytnego bloga o wszystkim, co m\u0119skie. Ponadto zg\u0142\u0119bia tajniki sztucznej inteligencji.\"}]}<\/script>\n<!-- \/ Yoast SEO plugin. -->","yoast_head_json":{"title":"\u015awiat\u0142a do jazdy dziennej. Jak w\u0142\u0105czy\u0107 i kiedy u\u017cywa\u0107? - Go-racing","description":"Na czym polega u\u017cywanie \u015bwiate\u0142 do jazdy dziennej? Sprawd\u017a jak w\u0142\u0105czy\u0107 \u015bwiat\u0142a mijania i kiedy ich u\u017cywa\u0107, aby zadba\u0107 o widoczno\u015b\u0107.","robots":{"index":"index","follow":"follow","max-snippet":"max-snippet:-1","max-image-preview":"max-image-preview:large","max-video-preview":"max-video-preview:-1"},"canonical":"https:\/\/go-racing.pl\/blog\/swiatla-do-jazdy-dziennej-jak-wlaczyc-i-kiedy-uzywac\/","og_locale":"pl_PL","og_type":"article","og_title":"\u015awiat\u0142a do jazdy dziennej. Jak w\u0142\u0105czy\u0107 i kiedy u\u017cywa\u0107? - Go-racing","og_description":"Na czym polega u\u017cywanie \u015bwiate\u0142 do jazdy dziennej? Sprawd\u017a jak w\u0142\u0105czy\u0107 \u015bwiat\u0142a mijania i kiedy ich u\u017cywa\u0107, aby zadba\u0107 o widoczno\u015b\u0107.","og_url":"https:\/\/go-racing.pl\/blog\/swiatla-do-jazdy-dziennej-jak-wlaczyc-i-kiedy-uzywac\/","og_site_name":"Go-racing","article_publisher":"https:\/\/www.facebook.com\/goracingpl","article_published_time":"2025-10-11T08:42:00+00:00","og_image":[{"width":1920,"height":1281,"url":"https:\/\/go-racing.pl\/blog\/wp-content\/uploads\/2025\/10\/AdobeStock_1693675930.jpeg","type":"image\/jpeg"}],"author":"Fabian Kozio\u0142ek","twitter_card":"summary_large_image","twitter_creator":"@goracing_pl","twitter_site":"@goracing_pl","twitter_misc":{"Napisane przez":"Fabian Kozio\u0142ek","Szacowany czas czytania":"10 minut"},"schema":{"@context":"https:\/\/schema.org","@graph":[{"@type":"Article","@id":"https:\/\/go-racing.pl\/blog\/swiatla-do-jazdy-dziennej-jak-wlaczyc-i-kiedy-uzywac\/#article","isPartOf":{"@id":"https:\/\/go-racing.pl\/blog\/swiatla-do-jazdy-dziennej-jak-wlaczyc-i-kiedy-uzywac\/"},"author":{"name":"Fabian Kozio\u0142ek","@id":"https:\/\/go-racing.pl\/blog\/#\/schema\/person\/a678d7f28dcd83e14c0eca3efb56552a"},"headline":"\u015awiat\u0142a do jazdy dziennej. Jak w\u0142\u0105czy\u0107 i kiedy u\u017cywa\u0107?","datePublished":"2025-10-11T08:42:00+00:00","mainEntityOfPage":{"@id":"https:\/\/go-racing.pl\/blog\/swiatla-do-jazdy-dziennej-jak-wlaczyc-i-kiedy-uzywac\/"},"wordCount":1807,"commentCount":0,"publisher":{"@id":"https:\/\/go-racing.pl\/blog\/#organization"},"image":{"@id":"https:\/\/go-racing.pl\/blog\/swiatla-do-jazdy-dziennej-jak-wlaczyc-i-kiedy-uzywac\/#primaryimage"},"thumbnailUrl":"https:\/\/go-racing.pl\/blog\/wp-content\/uploads\/2025\/10\/AdobeStock_1693675930.jpeg","articleSection":["Ciekawostki","Poradniki"],"inLanguage":"pl-PL","potentialAction":[{"@type":"CommentAction","name":"Comment","target":["https:\/\/go-racing.pl\/blog\/swiatla-do-jazdy-dziennej-jak-wlaczyc-i-kiedy-uzywac\/#respond"]}]},{"@type":"WebPage","@id":"https:\/\/go-racing.pl\/blog\/swiatla-do-jazdy-dziennej-jak-wlaczyc-i-kiedy-uzywac\/","url":"https:\/\/go-racing.pl\/blog\/swiatla-do-jazdy-dziennej-jak-wlaczyc-i-kiedy-uzywac\/","name":"\u015awiat\u0142a do jazdy dziennej. Jak w\u0142\u0105czy\u0107 i kiedy u\u017cywa\u0107? - Go-racing","isPartOf":{"@id":"https:\/\/go-racing.pl\/blog\/#website"},"primaryImageOfPage":{"@id":"https:\/\/go-racing.pl\/blog\/swiatla-do-jazdy-dziennej-jak-wlaczyc-i-kiedy-uzywac\/#primaryimage"},"image":{"@id":"https:\/\/go-racing.pl\/blog\/swiatla-do-jazdy-dziennej-jak-wlaczyc-i-kiedy-uzywac\/#primaryimage"},"thumbnailUrl":"https:\/\/go-racing.pl\/blog\/wp-content\/uploads\/2025\/10\/AdobeStock_1693675930.jpeg","datePublished":"2025-10-11T08:42:00+00:00","description":"Na czym polega u\u017cywanie \u015bwiate\u0142 do jazdy dziennej? Sprawd\u017a jak w\u0142\u0105czy\u0107 \u015bwiat\u0142a mijania i kiedy ich u\u017cywa\u0107, aby zadba\u0107 o widoczno\u015b\u0107.","breadcrumb":{"@id":"https:\/\/go-racing.pl\/blog\/swiatla-do-jazdy-dziennej-jak-wlaczyc-i-kiedy-uzywac\/#breadcrumb"},"inLanguage":"pl-PL","potentialAction":[{"@type":"ReadAction","target":["https:\/\/go-racing.pl\/blog\/swiatla-do-jazdy-dziennej-jak-wlaczyc-i-kiedy-uzywac\/"]}]},{"@type":"ImageObject","inLanguage":"pl-PL","@id":"https:\/\/go-racing.pl\/blog\/swiatla-do-jazdy-dziennej-jak-wlaczyc-i-kiedy-uzywac\/#primaryimage","url":"https:\/\/go-racing.pl\/blog\/wp-content\/uploads\/2025\/10\/AdobeStock_1693675930.jpeg","contentUrl":"https:\/\/go-racing.pl\/blog\/wp-content\/uploads\/2025\/10\/AdobeStock_1693675930.jpeg","width":1920,"height":1281,"caption":"Jad\u0105cy samoch\u00f3d"},{"@type":"BreadcrumbList","@id":"https:\/\/go-racing.pl\/blog\/swiatla-do-jazdy-dziennej-jak-wlaczyc-i-kiedy-uzywac\/#breadcrumb","itemListElement":[{"@type":"ListItem","position":1,"name":"Strona g\u0142\u00f3wna","item":"https:\/\/go-racing.pl\/blog\/"},{"@type":"ListItem","position":2,"name":"\u015awiat\u0142a do jazdy dziennej. Jak w\u0142\u0105czy\u0107 i kiedy u\u017cywa\u0107?"}]},{"@type":"WebSite","@id":"https:\/\/go-racing.pl\/blog\/#website","url":"https:\/\/go-racing.pl\/blog\/","name":"Go-racing","description":"Fotorelacje z imprez, newsy motoryzacyjne, szczeg\u00f3\u0142owe opisy sportowych aut.","publisher":{"@id":"https:\/\/go-racing.pl\/blog\/#organization"},"potentialAction":[{"@type":"SearchAction","target":{"@type":"EntryPoint","urlTemplate":"https:\/\/go-racing.pl\/blog\/?s={search_term_string}"},"query-input":{"@type":"PropertyValueSpecification","valueRequired":true,"valueName":"search_term_string"}}],"inLanguage":"pl-PL"},{"@type":"Organization","@id":"https:\/\/go-racing.pl\/blog\/#organization","name":"go-racing","url":"https:\/\/go-racing.pl\/blog\/","logo":{"@type":"ImageObject","inLanguage":"pl-PL","@id":"https:\/\/go-racing.pl\/blog\/#\/schema\/logo\/image\/","url":"https:\/\/go-racing.pl\/blog\/wp-content\/uploads\/2015\/05\/logo.jpg","contentUrl":"https:\/\/go-racing.pl\/blog\/wp-content\/uploads\/2015\/05\/logo.jpg","width":113,"height":32,"caption":"go-racing"},"image":{"@id":"https:\/\/go-racing.pl\/blog\/#\/schema\/logo\/image\/"},"sameAs":["https:\/\/www.facebook.com\/goracingpl","https:\/\/x.com\/goracing_pl","https:\/\/instagram.com\/go_racing_pl","https:\/\/www.youtube.com\/channel\/UCEdVDV_efJn6tpPWXefkCGQ"]},{"@type":"Person","@id":"https:\/\/go-racing.pl\/blog\/#\/schema\/person\/a678d7f28dcd83e14c0eca3efb56552a","name":"Fabian Kozio\u0142ek","image":{"@type":"ImageObject","inLanguage":"pl-PL","@id":"https:\/\/secure.gravatar.com\/avatar\/95e26156ea08c6a0fd3455057ef9fcd86b408874d3120de25dbba63b247528fb?s=96&d=mm&r=g","url":"https:\/\/secure.gravatar.com\/avatar\/95e26156ea08c6a0fd3455057ef9fcd86b408874d3120de25dbba63b247528fb?s=96&d=mm&r=g","contentUrl":"https:\/\/secure.gravatar.com\/avatar\/95e26156ea08c6a0fd3455057ef9fcd86b408874d3120de25dbba63b247528fb?s=96&d=mm&r=g","caption":"Fabian Kozio\u0142ek"},"description":"Absolwent Uniwersytetu \u015al\u0105skiego, gdzie zdoby\u0142 tytu\u0142 magistra filozofii. Akademicka droga ukszta\u0142towa\u0142a w nim g\u0142\u0119bokie zrozumienie dla z\u0142o\u017cono\u015bci \u015bwiata, co odnajduje tak\u017ce w motoryzacji \u2014 dziedzinie, kt\u00f3r\u0105 od lat opisuje. Jako autor artyku\u0142\u00f3w motoryzacyjnych (i nie tylko) \u0142\u0105czy precyzj\u0119 fakt\u00f3w z filozoficznym zaci\u0119ciem do poszukiwania g\u0142\u0119bszych znacze\u0144 i trend\u00f3w. Szczeg\u00f3lnie upodoba\u0142 sobie kultowe marki, takie jak Ford Mustang i Ferrari, kt\u00f3re \u0142\u0105cz\u0105 w sobie si\u0142\u0119, styl i innowacyjno\u015b\u0107 \u2014 dla autora warto\u015bci kluczowe zar\u00f3wno w motoryzacji, jak i w \u017cyciu. Prywatnie prowadzi poczytnego bloga o wszystkim, co m\u0119skie. Ponadto zg\u0142\u0119bia tajniki sztucznej inteligencji."}]}},"wps_subtitle":"","amp_enabled":true,"_links":{"self":[{"href":"https:\/\/go-racing.pl\/blog\/wp-json\/wp\/v2\/posts\/5422","targetHints":{"allow":["GET"]}}],"collection":[{"href":"https:\/\/go-racing.pl\/blog\/wp-json\/wp\/v2\/posts"}],"about":[{"href":"https:\/\/go-racing.pl\/blog\/wp-json\/wp\/v2\/types\/post"}],"author":[{"embeddable":true,"href":"https:\/\/go-racing.pl\/blog\/wp-json\/wp\/v2\/users\/101028"}],"replies":[{"embeddable":true,"href":"https:\/\/go-racing.pl\/blog\/wp-json\/wp\/v2\/comments?post=5422"}],"version-history":[{"count":1,"href":"https:\/\/go-racing.pl\/blog\/wp-json\/wp\/v2\/posts\/5422\/revisions"}],"predecessor-version":[{"id":5426,"href":"https:\/\/go-racing.pl\/blog\/wp-json\/wp\/v2\/posts\/5422\/revisions\/5426"}],"wp:featuredmedia":[{"embeddable":true,"href":"https:\/\/go-racing.pl\/blog\/wp-json\/wp\/v2\/media\/5424"}],"wp:attachment":[{"href":"https:\/\/go-racing.pl\/blog\/wp-json\/wp\/v2\/media?parent=5422"}],"wp:term":[{"taxonomy":"category","embeddable":true,"href":"https:\/\/go-racing.pl\/blog\/wp-json\/wp\/v2\/categories?post=5422"},{"taxonomy":"post_tag","embeddable":true,"href":"https:\/\/go-racing.pl\/blog\/wp-json\/wp\/v2\/tags?post=5422"},{"taxonomy":"reaction","embeddable":true,"href":"https:\/\/go-racing.pl\/blog\/wp-json\/wp\/v2\/reaction?post=5422"}],"curies":[{"name":"wp","href":"https:\/\/api.w.org\/{rel}","templated":true}]}}