{"id":4058,"date":"2022-09-11T08:25:00","date_gmt":"2022-09-11T06:25:00","guid":{"rendered":"https:\/\/go-racing.pl\/blog\/?p=4058"},"modified":"2022-09-13T08:50:50","modified_gmt":"2022-09-13T06:50:50","slug":"dzien-bez-samochodu","status":"publish","type":"post","link":"https:\/\/go-racing.pl\/blog\/dzien-bez-samochodu\/","title":{"rendered":"Dzie\u0144 Bez Samochodu"},"content":{"rendered":"\n<p>Zbli\u017ca si\u0119 Dzie\u0144 Bez Samochodu, podczas kt\u00f3rego organizacje pozarz\u0105dowe i w\u0142odarze polskich miast po raz kolejny zach\u0119c\u0105 nas do zdrowej, bezpiecznej i (co najwa\u017cniejsze) ekologicznej mobilno\u015bci. Cz\u0119sto wi\u0105\u017ce si\u0119 to r\u00f3wnie\u017c z zach\u0119tami materialnymi, aby\u015bmy przez ten jeden dzie\u0144 bardziej pomy\u015bleli o \u015brodowisku.<\/p>\n\n\n\n<p>W artykule przygl\u0105damy si\u0119 wszystkiemu, co zwi\u0105zane z tym wyj\u0105tkowym \u015bwi\u0119tem. Po\u015bwi\u0119\u0107 czas na lektur\u0119, a dowiesz si\u0119, kiedy obchodzimy Dzie\u0144 Bez Samochodu i czego mo\u017cesz si\u0119 po nim spodziewa\u0107.<\/p>\n\n\n\n<h2 class=\"wp-block-heading\">Kiedy jest Dzie\u0144 Bez Samochodu?<\/h2>\n\n\n\n<figure class=\"wp-block-image size-large\"><img loading=\"lazy\" decoding=\"async\" width=\"1024\" height=\"684\" src=\"https:\/\/go-racing.pl\/blog\/wp-content\/uploads\/2022\/09\/AdobeStock_181079136-1024x684.jpeg\" alt=\"\" class=\"wp-image-4060\" srcset=\"https:\/\/go-racing.pl\/blog\/wp-content\/uploads\/2022\/09\/AdobeStock_181079136-1024x684.jpeg 1024w, https:\/\/go-racing.pl\/blog\/wp-content\/uploads\/2022\/09\/AdobeStock_181079136-300x200.jpeg 300w, https:\/\/go-racing.pl\/blog\/wp-content\/uploads\/2022\/09\/AdobeStock_181079136-768x513.jpeg 768w, https:\/\/go-racing.pl\/blog\/wp-content\/uploads\/2022\/09\/AdobeStock_181079136-1536x1025.jpeg 1536w, https:\/\/go-racing.pl\/blog\/wp-content\/uploads\/2022\/09\/AdobeStock_181079136-2048x1367.jpeg 2048w, https:\/\/go-racing.pl\/blog\/wp-content\/uploads\/2022\/09\/AdobeStock_181079136-561x374.jpeg 561w, https:\/\/go-racing.pl\/blog\/wp-content\/uploads\/2022\/09\/AdobeStock_181079136-1122x749.jpeg 1122w, https:\/\/go-racing.pl\/blog\/wp-content\/uploads\/2022\/09\/AdobeStock_181079136-364x243.jpeg 364w, https:\/\/go-racing.pl\/blog\/wp-content\/uploads\/2022\/09\/AdobeStock_181079136-728x486.jpeg 728w, https:\/\/go-racing.pl\/blog\/wp-content\/uploads\/2022\/09\/AdobeStock_181079136-608x406.jpeg 608w, https:\/\/go-racing.pl\/blog\/wp-content\/uploads\/2022\/09\/AdobeStock_181079136-758x506.jpeg 758w, https:\/\/go-racing.pl\/blog\/wp-content\/uploads\/2022\/09\/AdobeStock_181079136-1152x769.jpeg 1152w\" sizes=\"auto, (max-width: 1024px) 100vw, 1024px\" \/><figcaption>Dzie\u0144 Bez Samochodu<\/figcaption><\/figure>\n\n\n\n<p>Dzie\u0144 bez samochodu obchodzimy 22 wrze\u015bnia. Stanowi on zwie\u0144czenie Europejskiego Tygodnia Zr\u00f3wnowa\u017conego Transportu, kt\u00f3ry trwa od 16 wrze\u015bnia.<\/p>\n\n\n\n<p>\u015awi\u0119to czasem okre\u015blane jest r\u00f3wnie\u017c jako:<\/p>\n\n\n\n<ul class=\"wp-block-list\"><li>\u015awiatowy Dzie\u0144 Bez Samochodu<\/li><li>lub Europejski Dzie\u0144 Bez Samochodu.<\/li><\/ul>\n\n\n\n<p>Jednak w ka\u017cdym przypadku chodzi o to samo wydarzenie \u2014 niezale\u017cnie od nazwy, z kt\u00f3r\u0105 si\u0119 spotkasz.<\/p>\n\n\n\n<h3 class=\"wp-block-heading\">Historia ustanowienia Dnia Bez Samochodu<\/h3>\n\n\n\n<figure class=\"wp-block-image size-large\"><img loading=\"lazy\" decoding=\"async\" width=\"1024\" height=\"598\" src=\"https:\/\/go-racing.pl\/blog\/wp-content\/uploads\/2022\/09\/AdobeStock_443956053-1024x598.jpeg\" alt=\"\" class=\"wp-image-4061\" srcset=\"https:\/\/go-racing.pl\/blog\/wp-content\/uploads\/2022\/09\/AdobeStock_443956053-1024x598.jpeg 1024w, https:\/\/go-racing.pl\/blog\/wp-content\/uploads\/2022\/09\/AdobeStock_443956053-300x175.jpeg 300w, https:\/\/go-racing.pl\/blog\/wp-content\/uploads\/2022\/09\/AdobeStock_443956053-768x449.jpeg 768w, https:\/\/go-racing.pl\/blog\/wp-content\/uploads\/2022\/09\/AdobeStock_443956053-1536x897.jpeg 1536w, https:\/\/go-racing.pl\/blog\/wp-content\/uploads\/2022\/09\/AdobeStock_443956053-2048x1196.jpeg 2048w, https:\/\/go-racing.pl\/blog\/wp-content\/uploads\/2022\/09\/AdobeStock_443956053-561x328.jpeg 561w, https:\/\/go-racing.pl\/blog\/wp-content\/uploads\/2022\/09\/AdobeStock_443956053-1122x655.jpeg 1122w, https:\/\/go-racing.pl\/blog\/wp-content\/uploads\/2022\/09\/AdobeStock_443956053-364x213.jpeg 364w, https:\/\/go-racing.pl\/blog\/wp-content\/uploads\/2022\/09\/AdobeStock_443956053-728x425.jpeg 728w, https:\/\/go-racing.pl\/blog\/wp-content\/uploads\/2022\/09\/AdobeStock_443956053-608x355.jpeg 608w, https:\/\/go-racing.pl\/blog\/wp-content\/uploads\/2022\/09\/AdobeStock_443956053-758x443.jpeg 758w, https:\/\/go-racing.pl\/blog\/wp-content\/uploads\/2022\/09\/AdobeStock_443956053-1152x673.jpeg 1152w\" sizes=\"auto, (max-width: 1024px) 100vw, 1024px\" \/><figcaption>22 wrze\u015bnia Dzie\u0144 Bez Samochodu<\/figcaption><\/figure>\n\n\n\n<p>Pierwsze projekty tego typu pojawia\u0142y si\u0119 na arenie mi\u0119dzynarodowej ju\u017c w 1973 roku, kiedy to \u015bwiat mierzy\u0142 si\u0119 z kryzysem naftowym. Jednak inicjatywa przybra\u0142a rzeczywiste kszta\u0142ty dopiero w 1994 roku.<\/p>\n\n\n\n<p>W\u0142a\u015bnie wtedy, podczas Ciudades Accessibles Conference (Mi\u0119dzynarodowej Konferencji Dost\u0119pno\u015bci Miast) w Toledo, og\u0142osi\u0142 j\u0105 Eric Britton.<\/p>\n\n\n\n<p>Dzie\u0144 bez auta debiutowa\u0142 w trzech miastach:<\/p>\n\n\n\n<ul class=\"wp-block-list\"><li>Reykjavik (Islandia),<\/li><li>Bath (Wielka Brytania),<\/li><li>La Rochelle (Francja).<\/li><\/ul>\n\n\n\n<p>Gdy pierwsze pr\u00f3by okaza\u0142y si\u0119 sukcesem, w 1995 roku powsta\u0142o nieformalne \u015awiatowe Konsorcjum Dni bez Samochodu (z ang. World Car Free Days Consortium). Jego zadanie jest proste: polega na wspieraniu i propagowaniu Dnia Bez Samochodu na ca\u0142ym \u015bwiecie.<\/p>\n\n\n\n<p>Ju\u017c dwa lata po tym wydarzeniu (w 1997 roku) Wielka Brytania zorganizowa\u0142a pierwsz\u0105 narodow\u0105 kampani\u0119 tego typu. Po czym w kolejnym roku (1998) do\u0142\u0105czy\u0142a do niej Francja.<\/p>\n\n\n\n<p>\u015awi\u0119to uzyska\u0142o szerszy zasi\u0119g nieco p\u00f3\u017aniej, bo w 2000 roku. Wtedy Komisja Europejska ustanowi\u0142a Og\u00f3lnoeuropejski Dzie\u0144 Bez Samochodu, a nied\u0142ugo po tym (jeszcze w tym samym roku) wydarzenie zdoby\u0142o status globalnego.<\/p>\n\n\n\n<p>W\u0142a\u015bnie w 2000 roku ustalono, \u017ce \u015bwi\u0119to b\u0119dziemy obchodzili 22 wrze\u015bnia.<\/p>\n\n\n\n<h2 class=\"wp-block-heading\">Dzie\u0144 Bez Samochodu \u2014 g\u0142\u00f3wne cele i za\u0142o\u017cenia<\/h2>\n\n\n\n<p>Jak zapewne si\u0119 domy\u015blasz, g\u0142\u00f3wny cel Dnia Bez Samochodu ma charakter proekologiczny. Wydarzenie ma wspom\u00f3c ide\u0119 ochrony \u015brodowiska oraz sprawi\u0107, \u017ce zmniejszy si\u0119 ilo\u015b\u0107 spalin wytwarzanych przez miliony aut, kt\u00f3re poruszaj\u0105 si\u0119 po miastach.<\/p>\n\n\n\n<p>Dlatego podczas tego szczeg\u00f3lnego dnia organizatorzy zach\u0119caj\u0105 kierowc\u00f3w, aby przez dob\u0119 nie ruszali samochodu z gara\u017cu.<\/p>\n\n\n\n<p>Jaki rodzaj zach\u0119ty wchodzi w gr\u0119?<\/p>\n\n\n\n<p>Poza promocj\u0105 zdrowych \u015brodk\u00f3w transportu (np. roweru) oraz komunikacji miejskiej, wiele miast proponuje darmowe przejazdy autobusami, tramwajami, etc. Wystarczy, \u017ce posiadasz przy sobie dow\u00f3d rejestracyjny samochodu, a b\u0119dziesz zwolniony z op\u0142aty za bilet.<\/p>\n\n\n\n<p>Kampania ma tak\u017ce podstawy naukowe.<\/p>\n\n\n\n<p>Wedle bada\u0144 przeci\u0119tny Europejczyk \u017cyje o 9 miesi\u0119cy kr\u00f3cej z powodu zanieczyszczenia powietrza. Mieszkanie przy g\u0142\u00f3wnych drogach jest jeszcze gorsze, poniewa\u017c skraca \u017cycie nawet o 36 miesi\u0119cy.<\/p>\n\n\n\n<p>Co wi\u0119cej, z powodu zbyt du\u017cej liczby samochod\u00f3w dochodzi do zubo\u017cenia przestrzeni miejskiej. Wyliczenia wskazuj\u0105, \u017ce transport tej samej liczby os\u00f3b autami wymaga:<\/p>\n\n\n\n<ul class=\"wp-block-list\"><li>4,5 razy wi\u0119cej miejsca w por\u00f3wnaniu do autobus\u00f3w,<\/li><li>9 razy wi\u0119cej miejsca w por\u00f3wnaniu do rower\u00f3w,<\/li><li>11 razy wi\u0119cej miejsca w por\u00f3wnaniu do tramwaj\u00f3w.<\/li><\/ul>\n\n\n\n<p>Im wi\u0119cej os\u00f3b podr\u00f3\u017cuje samochodami, tym wi\u0119kszy t\u0142ok i korki. Ponadto ro\u015bnie ha\u0142as, a zarz\u0105d miasta musi budowa\u0107 kolejne drogi. Wystarczy spojrze\u0107 na Stany Zjednoczone \u2014 w wielu tamtejszych miejscowo\u015bciach drogi i parkingi zajmuj\u0105 ponad 60% powierzchni ca\u0142ego miasta.<\/p>\n\n\n\n<h2 class=\"wp-block-heading\">Jak obchodzi si\u0119 Dzie\u0144 Bez Samochodu?<\/h2>\n\n\n\n<figure class=\"wp-block-image size-full\"><img loading=\"lazy\" decoding=\"async\" width=\"8192\" height=\"5464\" src=\"https:\/\/go-racing.pl\/blog\/wp-content\/uploads\/2022\/09\/AdobeStock_511050071.jpeg\" alt=\"\" class=\"wp-image-4062\"\/><figcaption>Jazda komunikacj\u0105 miejsk\u0105<\/figcaption><\/figure>\n\n\n\n<p>Obchody Dnia Bez Samochodu charakteryzuj\u0105 si\u0119 przede wszystkim r\u00f3\u017cnymi akcjami organizowanymi przez miasta. Dla przyk\u0142adu: wiele miejscowo\u015bci, kt\u00f3re bior\u0105 udzia\u0142 w kampanii, zamyka swoje centra dla ruchu samochodowego.<\/p>\n\n\n\n<p>Ponadto tego dnia organizatorzy:<\/p>\n\n\n\n<ul class=\"wp-block-list\"><li>kszta\u0142tuj\u0105 w ludziach wzorce proekologiczne;<\/li><li>upowszechniaj\u0105 informacje na temat negatywnych skutk\u00f3w jazdy autem;<\/li><li>promuj\u0105 inne \u015brodki transportu;<\/li><li>udowadniaj\u0105, \u017ce \u017cycie w mie\u015bcie wolnym od samochod\u00f3w jest o wiele przyjemniejsze.<\/li><\/ul>\n\n\n\n<p>Dzi\u0119ki obchodom tego \u015bwi\u0119ta mieszka\u0144cy miast maj\u0105 okazj\u0119 przekona\u0107 si\u0119, \u017ce brak ha\u0142asu i ruchu samochodowego dzia\u0142a na ich korzy\u015b\u0107. Mo\u017ce w ten spos\u00f3b przynajmniej cz\u0119\u015b\u0107 z nich zainteresuje si\u0119 wprowadzeniem tego typu ogranicze\u0144 na sta\u0142e (lub cz\u0119\u015bciej).<\/p>\n\n\n\n<h3 class=\"wp-block-heading\">Przyk\u0142adowe obchody Dnia Bez Samochodu<\/h3>\n\n\n\n<figure class=\"wp-block-image size-large\"><img loading=\"lazy\" decoding=\"async\" width=\"1024\" height=\"683\" src=\"https:\/\/go-racing.pl\/blog\/wp-content\/uploads\/2022\/09\/AdobeStock_375324687-1024x683.jpeg\" alt=\"\" class=\"wp-image-4065\" srcset=\"https:\/\/go-racing.pl\/blog\/wp-content\/uploads\/2022\/09\/AdobeStock_375324687-1024x683.jpeg 1024w, https:\/\/go-racing.pl\/blog\/wp-content\/uploads\/2022\/09\/AdobeStock_375324687-300x200.jpeg 300w, https:\/\/go-racing.pl\/blog\/wp-content\/uploads\/2022\/09\/AdobeStock_375324687-768x512.jpeg 768w, https:\/\/go-racing.pl\/blog\/wp-content\/uploads\/2022\/09\/AdobeStock_375324687-1536x1024.jpeg 1536w, https:\/\/go-racing.pl\/blog\/wp-content\/uploads\/2022\/09\/AdobeStock_375324687-2048x1366.jpeg 2048w, https:\/\/go-racing.pl\/blog\/wp-content\/uploads\/2022\/09\/AdobeStock_375324687-561x374.jpeg 561w, https:\/\/go-racing.pl\/blog\/wp-content\/uploads\/2022\/09\/AdobeStock_375324687-1122x748.jpeg 1122w, https:\/\/go-racing.pl\/blog\/wp-content\/uploads\/2022\/09\/AdobeStock_375324687-364x243.jpeg 364w, https:\/\/go-racing.pl\/blog\/wp-content\/uploads\/2022\/09\/AdobeStock_375324687-728x485.jpeg 728w, https:\/\/go-racing.pl\/blog\/wp-content\/uploads\/2022\/09\/AdobeStock_375324687-608x405.jpeg 608w, https:\/\/go-racing.pl\/blog\/wp-content\/uploads\/2022\/09\/AdobeStock_375324687-758x505.jpeg 758w, https:\/\/go-racing.pl\/blog\/wp-content\/uploads\/2022\/09\/AdobeStock_375324687-1152x768.jpeg 1152w\" sizes=\"auto, (max-width: 1024px) 100vw, 1024px\" \/><figcaption>Obchody Dnia Bez Samochodu<\/figcaption><\/figure>\n\n\n\n<p>Obecnie jedne z najwi\u0119kszych obchod\u00f3w tego \u015bwi\u0119ta na \u015bwiecie odbywaj\u0105 si\u0119 w Bogocie. W\u0142odarze miejscowo\u015bci organizuj\u0105 Dzie\u0144 Bez Samochodu w dni powszednie i obowi\u0105zuje on na terenie ca\u0142ego miasta.<\/p>\n\n\n\n<p>Po raz pierwszy zrobili to w 2000 roku, kiedy to zinstytucjonalizowali \u015bwi\u0119to na drodze publicznego referendum.<\/p>\n\n\n\n<p>Kolejnym przyk\u0142adem jest miasto Tajpej, kt\u00f3re organizuje Dzie\u0144 Bez Samochodu ju\u017c od ponad 10 lat. Pocz\u0105tkowo w\u0142odarze ograniczali si\u0119 do jednego dnia, ale z biegiem czasu rozszerzyli obchody \u015bwi\u0119ta do Miesi\u0105ca Bez Samochodu.<\/p>\n\n\n\n<p>Sama kampania r\u00f3wnie\u017c rozwin\u0119\u0142a si\u0119 w co\u015b wi\u0119kszego. Na pocz\u0105tku miasto po prostu wy\u0142\u0105cza\u0142o samochody z ruchu drogowego, ale z czasem pojawi\u0142a si\u0119 r\u00f3wnie\u017c tradycja Parady Zielonego Transportu, kt\u00f3r\u0105 mieszka\u0144cy Tajpej \u0142\u0105cz\u0105 ze \u015bwi\u0119towaniem karnawa\u0142u.<\/p>\n\n\n\n<p>Na koniec warto jeszcze wspomnie\u0107 o D\u017cakarcie, czyli stolicy Indonezji. Kiedy Dzie\u0144 Bez Samochodu po raz pierwszy obchodzono tam w 2007 roku, w\u0142odarze zamkn\u0119li nawet g\u0142\u00f3wn\u0105 ulic\u0119 stolicy i zach\u0119cali przechodni\u00f3w, aby korzystali z niedost\u0119pnych na co dzie\u0144 przestrzeni.<\/p>\n\n\n\n<p>Co wi\u0119cej, od maja 2012 roku D\u017cakarta organizuje Dzie\u0144 Bez Samochodu w ka\u017cd\u0105 niedziel\u0119 \u2014 od godziny 6:00 do 11:00.<\/p>\n\n\n\n<h2 class=\"wp-block-heading\">Dzie\u0144 Bez Samochodu w Polsce<\/h2>\n\n\n\n<figure class=\"wp-block-image size-full\"><img loading=\"lazy\" decoding=\"async\" width=\"8256\" height=\"5504\" src=\"https:\/\/go-racing.pl\/blog\/wp-content\/uploads\/2022\/09\/AdobeStock_293295078.jpeg\" alt=\"\" class=\"wp-image-4064\"\/><figcaption>Dzie\u0144 Bez Samochodu w Polsce<\/figcaption><\/figure>\n\n\n\n<p>Polska bierze udzia\u0142 w obchodach Dnia Bez Samochodu od 2004 roku. Patronem kampanii jest Ministerstwo \u015arodowiska.<\/p>\n\n\n\n<p>Jednak akcje zwi\u0105zane z tym \u015bwi\u0119tem nie s\u0105 zakrojone na ca\u0142y kraj. Nie ka\u017cde miasto w Polsce bierze udzia\u0142 w kampanii, wi\u0119c nie wsz\u0119dzie b\u0119dziesz m\u00f3g\u0142 skorzysta\u0107 z darmowych przejazd\u00f3w komunikacj\u0105 miejsk\u0105 czy rowerami miejskimi.<\/p>\n\n\n\n<p>Miejscowo\u015bci, kt\u00f3re oferuj\u0105 tego typu ulgi podczas Europejskiego Tygodnia Zr\u00f3wnowa\u017conego Transportu i Dnia bez Samochodu, to m.in.:<\/p>\n\n\n\n<ul class=\"wp-block-list\"><li>Krak\u00f3w,<\/li><li>Lublin,<\/li><li>\u0141\u00f3d\u017a,<\/li><li>Opole,<\/li><li>Pozna\u0144,<\/li><li>Szczecin,<\/li><li>Toru\u0144,<\/li><li>Warszawa,<\/li><li>Wroc\u0142aw.<\/li><\/ul>\n\n\n\n<p>Jednak lista jest znacznie d\u0142u\u017csza. Wedle danych w kampanii bierze udzia\u0142 ponad 120 polskich miast.<\/p>\n\n\n\n<h2 class=\"wp-block-heading\">Podsumowanie<\/h2>\n\n\n\n<p>Chocia\u017c organizatorzy Dnia Bez Samochodu osi\u0105gn\u0119li znacz\u0105cy post\u0119p w zakresie relacji medialnych, wydarzenia te okazuj\u0105 si\u0119 trudne do zorganizowania tak, aby osi\u0105gn\u0119\u0142y prawdziwy sukces w praktyce. W du\u017cej mierze wynika to z faktu, \u017ce wiele zale\u017cy od miasta-gospodarza i jego uk\u0142adu transportowego, kt\u00f3ry nieraz wymaga du\u017cej reorganizacji.<\/p>\n\n\n\n<p>Dlatego nawet dzi\u015b, po 20 latach, istniej\u0105 wyra\u017ane w\u0105tpliwo\u015bci co do przydatno\u015bci tej kampanii. Do jej udanego wdro\u017cenia by\u0142oby potrzebne szerokie poparcie spo\u0142eczne i zaanga\u017cowanie w zmiany.<\/p>\n\n\n\n<p>Jednak \u015bwi\u0119to wci\u0105\u017c jest organizowane, a w wielu miastach na \u015bwiecie przynios\u0142o spore korzy\u015bci, o czym pisali\u015bmy w artykule.<\/p>\n\n\n\n<p>Dlatego pami\u0119taj:<\/p>\n\n\n\n<p>22 wrze\u015bnia \u2014 Dzie\u0144 Bez Samochodu<\/p>\n","protected":false},"excerpt":{"rendered":"<p>Zbli\u017ca si\u0119 Dzie\u0144 Bez Samochodu, podczas kt\u00f3rego organizacje pozarz\u0105dowe i w\u0142odarze polskich miast po raz kolejny zach\u0119c\u0105 nas do zdrowej, bezpiecznej i (co najwa\u017cniejsze) ekologicznej mobilno\u015bci. Cz\u0119sto wi\u0105\u017ce si\u0119 to r\u00f3wnie\u017c z zach\u0119tami materialnymi, aby\u015bmy przez ten jeden dzie\u0144 bardziej pomy\u015bleli o \u015brodowisku. W artykule przygl\u0105damy si\u0119 wszystkiemu, co zwi\u0105zane z tym wyj\u0105tkowym \u015bwi\u0119tem. Po\u015bwi\u0119\u0107 [&hellip;]<\/p>\n","protected":false},"author":101028,"featured_media":4059,"comment_status":"open","ping_status":"open","sticky":false,"template":"","format":"standard","meta":{"footnotes":""},"categories":[11,146],"tags":[],"reaction":[],"class_list":["post-4058","post","type-post","status-publish","format-standard","has-post-thumbnail","hentry","category-aktualnosci","category-ciekawostki"],"blocksy_meta":[],"yoast_head":"<!-- This site is optimized with the Yoast SEO plugin v27.4 - https:\/\/yoast.com\/product\/yoast-seo-wordpress\/ -->\n<title>Czym jest Dzie\u0144 Bez Samochodu? - Go-racing<\/title>\n<meta name=\"description\" content=\"Sprawd\u017a, kiedy obchodzimy Dzie\u0144 Bez Samochodu. Czy wiesz, jakie jest g\u0142\u00f3wne za\u0142o\u017cenie obchod\u00f3w tego \u015bwi\u0119ta?\" \/>\n<meta name=\"robots\" content=\"index, follow, max-snippet:-1, max-image-preview:large, max-video-preview:-1\" \/>\n<link rel=\"canonical\" href=\"https:\/\/go-racing.pl\/blog\/dzien-bez-samochodu\/\" \/>\n<meta property=\"og:locale\" content=\"pl_PL\" \/>\n<meta property=\"og:type\" content=\"article\" \/>\n<meta property=\"og:title\" content=\"Czym jest Dzie\u0144 Bez Samochodu? - Go-racing\" \/>\n<meta property=\"og:description\" content=\"Sprawd\u017a, kiedy obchodzimy Dzie\u0144 Bez Samochodu. Czy wiesz, jakie jest g\u0142\u00f3wne za\u0142o\u017cenie obchod\u00f3w tego \u015bwi\u0119ta?\" \/>\n<meta property=\"og:url\" content=\"https:\/\/go-racing.pl\/blog\/dzien-bez-samochodu\/\" \/>\n<meta property=\"og:site_name\" content=\"Go-racing\" \/>\n<meta property=\"article:publisher\" content=\"https:\/\/www.facebook.com\/goracingpl\" \/>\n<meta property=\"article:published_time\" content=\"2022-09-11T06:25:00+00:00\" \/>\n<meta property=\"article:modified_time\" content=\"2022-09-13T06:50:50+00:00\" \/>\n<meta property=\"og:image\" content=\"https:\/\/go-racing.pl\/blog\/wp-content\/uploads\/2022\/09\/AdobeStock_93376314-scaled.jpeg\" \/>\n\t<meta property=\"og:image:width\" content=\"2560\" \/>\n\t<meta property=\"og:image:height\" content=\"1707\" \/>\n\t<meta property=\"og:image:type\" content=\"image\/jpeg\" \/>\n<meta name=\"author\" content=\"Fabian Kozio\u0142ek\" \/>\n<meta name=\"twitter:card\" content=\"summary_large_image\" \/>\n<meta name=\"twitter:creator\" content=\"@goracing_pl\" \/>\n<meta name=\"twitter:site\" content=\"@goracing_pl\" \/>\n<meta name=\"twitter:label1\" content=\"Napisane przez\" \/>\n\t<meta name=\"twitter:data1\" content=\"Fabian Kozio\u0142ek\" \/>\n\t<meta name=\"twitter:label2\" content=\"Szacowany czas czytania\" \/>\n\t<meta name=\"twitter:data2\" content=\"8 minut\" \/>\n<script type=\"application\/ld+json\" class=\"yoast-schema-graph\">{\"@context\":\"https:\\\/\\\/schema.org\",\"@graph\":[{\"@type\":\"Article\",\"@id\":\"https:\\\/\\\/go-racing.pl\\\/blog\\\/dzien-bez-samochodu\\\/#article\",\"isPartOf\":{\"@id\":\"https:\\\/\\\/go-racing.pl\\\/blog\\\/dzien-bez-samochodu\\\/\"},\"author\":{\"name\":\"Fabian Kozio\u0142ek\",\"@id\":\"https:\\\/\\\/go-racing.pl\\\/blog\\\/#\\\/schema\\\/person\\\/a678d7f28dcd83e14c0eca3efb56552a\"},\"headline\":\"Dzie\u0144 Bez Samochodu\",\"datePublished\":\"2022-09-11T06:25:00+00:00\",\"dateModified\":\"2022-09-13T06:50:50+00:00\",\"mainEntityOfPage\":{\"@id\":\"https:\\\/\\\/go-racing.pl\\\/blog\\\/dzien-bez-samochodu\\\/\"},\"wordCount\":1193,\"commentCount\":0,\"publisher\":{\"@id\":\"https:\\\/\\\/go-racing.pl\\\/blog\\\/#organization\"},\"image\":{\"@id\":\"https:\\\/\\\/go-racing.pl\\\/blog\\\/dzien-bez-samochodu\\\/#primaryimage\"},\"thumbnailUrl\":\"https:\\\/\\\/go-racing.pl\\\/blog\\\/wp-content\\\/uploads\\\/2022\\\/09\\\/AdobeStock_93376314-scaled.jpeg\",\"articleSection\":[\"Aktualno\u015bci\",\"Ciekawostki\"],\"inLanguage\":\"pl-PL\",\"potentialAction\":[{\"@type\":\"CommentAction\",\"name\":\"Comment\",\"target\":[\"https:\\\/\\\/go-racing.pl\\\/blog\\\/dzien-bez-samochodu\\\/#respond\"]}]},{\"@type\":\"WebPage\",\"@id\":\"https:\\\/\\\/go-racing.pl\\\/blog\\\/dzien-bez-samochodu\\\/\",\"url\":\"https:\\\/\\\/go-racing.pl\\\/blog\\\/dzien-bez-samochodu\\\/\",\"name\":\"Czym jest Dzie\u0144 Bez Samochodu? - Go-racing\",\"isPartOf\":{\"@id\":\"https:\\\/\\\/go-racing.pl\\\/blog\\\/#website\"},\"primaryImageOfPage\":{\"@id\":\"https:\\\/\\\/go-racing.pl\\\/blog\\\/dzien-bez-samochodu\\\/#primaryimage\"},\"image\":{\"@id\":\"https:\\\/\\\/go-racing.pl\\\/blog\\\/dzien-bez-samochodu\\\/#primaryimage\"},\"thumbnailUrl\":\"https:\\\/\\\/go-racing.pl\\\/blog\\\/wp-content\\\/uploads\\\/2022\\\/09\\\/AdobeStock_93376314-scaled.jpeg\",\"datePublished\":\"2022-09-11T06:25:00+00:00\",\"dateModified\":\"2022-09-13T06:50:50+00:00\",\"description\":\"Sprawd\u017a, kiedy obchodzimy Dzie\u0144 Bez Samochodu. Czy wiesz, jakie jest g\u0142\u00f3wne za\u0142o\u017cenie obchod\u00f3w tego \u015bwi\u0119ta?\",\"breadcrumb\":{\"@id\":\"https:\\\/\\\/go-racing.pl\\\/blog\\\/dzien-bez-samochodu\\\/#breadcrumb\"},\"inLanguage\":\"pl-PL\",\"potentialAction\":[{\"@type\":\"ReadAction\",\"target\":[\"https:\\\/\\\/go-racing.pl\\\/blog\\\/dzien-bez-samochodu\\\/\"]}]},{\"@type\":\"ImageObject\",\"inLanguage\":\"pl-PL\",\"@id\":\"https:\\\/\\\/go-racing.pl\\\/blog\\\/dzien-bez-samochodu\\\/#primaryimage\",\"url\":\"https:\\\/\\\/go-racing.pl\\\/blog\\\/wp-content\\\/uploads\\\/2022\\\/09\\\/AdobeStock_93376314-scaled.jpeg\",\"contentUrl\":\"https:\\\/\\\/go-racing.pl\\\/blog\\\/wp-content\\\/uploads\\\/2022\\\/09\\\/AdobeStock_93376314-scaled.jpeg\",\"width\":2560,\"height\":1707,\"caption\":\"empty asphalt road of a modern city with skyscrapers\"},{\"@type\":\"BreadcrumbList\",\"@id\":\"https:\\\/\\\/go-racing.pl\\\/blog\\\/dzien-bez-samochodu\\\/#breadcrumb\",\"itemListElement\":[{\"@type\":\"ListItem\",\"position\":1,\"name\":\"Strona g\u0142\u00f3wna\",\"item\":\"https:\\\/\\\/go-racing.pl\\\/blog\\\/\"},{\"@type\":\"ListItem\",\"position\":2,\"name\":\"Dzie\u0144 Bez Samochodu\"}]},{\"@type\":\"WebSite\",\"@id\":\"https:\\\/\\\/go-racing.pl\\\/blog\\\/#website\",\"url\":\"https:\\\/\\\/go-racing.pl\\\/blog\\\/\",\"name\":\"Go-racing\",\"description\":\"Fotorelacje z imprez, newsy motoryzacyjne, szczeg\u00f3\u0142owe opisy sportowych aut.\",\"publisher\":{\"@id\":\"https:\\\/\\\/go-racing.pl\\\/blog\\\/#organization\"},\"potentialAction\":[{\"@type\":\"SearchAction\",\"target\":{\"@type\":\"EntryPoint\",\"urlTemplate\":\"https:\\\/\\\/go-racing.pl\\\/blog\\\/?s={search_term_string}\"},\"query-input\":{\"@type\":\"PropertyValueSpecification\",\"valueRequired\":true,\"valueName\":\"search_term_string\"}}],\"inLanguage\":\"pl-PL\"},{\"@type\":\"Organization\",\"@id\":\"https:\\\/\\\/go-racing.pl\\\/blog\\\/#organization\",\"name\":\"go-racing\",\"url\":\"https:\\\/\\\/go-racing.pl\\\/blog\\\/\",\"logo\":{\"@type\":\"ImageObject\",\"inLanguage\":\"pl-PL\",\"@id\":\"https:\\\/\\\/go-racing.pl\\\/blog\\\/#\\\/schema\\\/logo\\\/image\\\/\",\"url\":\"https:\\\/\\\/go-racing.pl\\\/blog\\\/wp-content\\\/uploads\\\/2015\\\/05\\\/logo.jpg\",\"contentUrl\":\"https:\\\/\\\/go-racing.pl\\\/blog\\\/wp-content\\\/uploads\\\/2015\\\/05\\\/logo.jpg\",\"width\":113,\"height\":32,\"caption\":\"go-racing\"},\"image\":{\"@id\":\"https:\\\/\\\/go-racing.pl\\\/blog\\\/#\\\/schema\\\/logo\\\/image\\\/\"},\"sameAs\":[\"https:\\\/\\\/www.facebook.com\\\/goracingpl\",\"https:\\\/\\\/x.com\\\/goracing_pl\",\"https:\\\/\\\/instagram.com\\\/go_racing_pl\",\"https:\\\/\\\/www.youtube.com\\\/channel\\\/UCEdVDV_efJn6tpPWXefkCGQ\"]},{\"@type\":\"Person\",\"@id\":\"https:\\\/\\\/go-racing.pl\\\/blog\\\/#\\\/schema\\\/person\\\/a678d7f28dcd83e14c0eca3efb56552a\",\"name\":\"Fabian Kozio\u0142ek\",\"image\":{\"@type\":\"ImageObject\",\"inLanguage\":\"pl-PL\",\"@id\":\"https:\\\/\\\/secure.gravatar.com\\\/avatar\\\/95e26156ea08c6a0fd3455057ef9fcd86b408874d3120de25dbba63b247528fb?s=96&d=mm&r=g\",\"url\":\"https:\\\/\\\/secure.gravatar.com\\\/avatar\\\/95e26156ea08c6a0fd3455057ef9fcd86b408874d3120de25dbba63b247528fb?s=96&d=mm&r=g\",\"contentUrl\":\"https:\\\/\\\/secure.gravatar.com\\\/avatar\\\/95e26156ea08c6a0fd3455057ef9fcd86b408874d3120de25dbba63b247528fb?s=96&d=mm&r=g\",\"caption\":\"Fabian Kozio\u0142ek\"},\"description\":\"Absolwent Uniwersytetu \u015al\u0105skiego, gdzie zdoby\u0142 tytu\u0142 magistra filozofii. Akademicka droga ukszta\u0142towa\u0142a w nim g\u0142\u0119bokie zrozumienie dla z\u0142o\u017cono\u015bci \u015bwiata, co odnajduje tak\u017ce w motoryzacji \u2014 dziedzinie, kt\u00f3r\u0105 od lat opisuje. Jako autor artyku\u0142\u00f3w motoryzacyjnych (i nie tylko) \u0142\u0105czy precyzj\u0119 fakt\u00f3w z filozoficznym zaci\u0119ciem do poszukiwania g\u0142\u0119bszych znacze\u0144 i trend\u00f3w. Szczeg\u00f3lnie upodoba\u0142 sobie kultowe marki, takie jak Ford Mustang i Ferrari, kt\u00f3re \u0142\u0105cz\u0105 w sobie si\u0142\u0119, styl i innowacyjno\u015b\u0107 \u2014 dla autora warto\u015bci kluczowe zar\u00f3wno w motoryzacji, jak i w \u017cyciu. Prywatnie prowadzi poczytnego bloga o wszystkim, co m\u0119skie. Ponadto zg\u0142\u0119bia tajniki sztucznej inteligencji.\"}]}<\/script>\n<!-- \/ Yoast SEO plugin. -->","yoast_head_json":{"title":"Czym jest Dzie\u0144 Bez Samochodu? - Go-racing","description":"Sprawd\u017a, kiedy obchodzimy Dzie\u0144 Bez Samochodu. Czy wiesz, jakie jest g\u0142\u00f3wne za\u0142o\u017cenie obchod\u00f3w tego \u015bwi\u0119ta?","robots":{"index":"index","follow":"follow","max-snippet":"max-snippet:-1","max-image-preview":"max-image-preview:large","max-video-preview":"max-video-preview:-1"},"canonical":"https:\/\/go-racing.pl\/blog\/dzien-bez-samochodu\/","og_locale":"pl_PL","og_type":"article","og_title":"Czym jest Dzie\u0144 Bez Samochodu? - Go-racing","og_description":"Sprawd\u017a, kiedy obchodzimy Dzie\u0144 Bez Samochodu. Czy wiesz, jakie jest g\u0142\u00f3wne za\u0142o\u017cenie obchod\u00f3w tego \u015bwi\u0119ta?","og_url":"https:\/\/go-racing.pl\/blog\/dzien-bez-samochodu\/","og_site_name":"Go-racing","article_publisher":"https:\/\/www.facebook.com\/goracingpl","article_published_time":"2022-09-11T06:25:00+00:00","article_modified_time":"2022-09-13T06:50:50+00:00","og_image":[{"width":2560,"height":1707,"url":"https:\/\/go-racing.pl\/blog\/wp-content\/uploads\/2022\/09\/AdobeStock_93376314-scaled.jpeg","type":"image\/jpeg"}],"author":"Fabian Kozio\u0142ek","twitter_card":"summary_large_image","twitter_creator":"@goracing_pl","twitter_site":"@goracing_pl","twitter_misc":{"Napisane przez":"Fabian Kozio\u0142ek","Szacowany czas czytania":"8 minut"},"schema":{"@context":"https:\/\/schema.org","@graph":[{"@type":"Article","@id":"https:\/\/go-racing.pl\/blog\/dzien-bez-samochodu\/#article","isPartOf":{"@id":"https:\/\/go-racing.pl\/blog\/dzien-bez-samochodu\/"},"author":{"name":"Fabian Kozio\u0142ek","@id":"https:\/\/go-racing.pl\/blog\/#\/schema\/person\/a678d7f28dcd83e14c0eca3efb56552a"},"headline":"Dzie\u0144 Bez Samochodu","datePublished":"2022-09-11T06:25:00+00:00","dateModified":"2022-09-13T06:50:50+00:00","mainEntityOfPage":{"@id":"https:\/\/go-racing.pl\/blog\/dzien-bez-samochodu\/"},"wordCount":1193,"commentCount":0,"publisher":{"@id":"https:\/\/go-racing.pl\/blog\/#organization"},"image":{"@id":"https:\/\/go-racing.pl\/blog\/dzien-bez-samochodu\/#primaryimage"},"thumbnailUrl":"https:\/\/go-racing.pl\/blog\/wp-content\/uploads\/2022\/09\/AdobeStock_93376314-scaled.jpeg","articleSection":["Aktualno\u015bci","Ciekawostki"],"inLanguage":"pl-PL","potentialAction":[{"@type":"CommentAction","name":"Comment","target":["https:\/\/go-racing.pl\/blog\/dzien-bez-samochodu\/#respond"]}]},{"@type":"WebPage","@id":"https:\/\/go-racing.pl\/blog\/dzien-bez-samochodu\/","url":"https:\/\/go-racing.pl\/blog\/dzien-bez-samochodu\/","name":"Czym jest Dzie\u0144 Bez Samochodu? - Go-racing","isPartOf":{"@id":"https:\/\/go-racing.pl\/blog\/#website"},"primaryImageOfPage":{"@id":"https:\/\/go-racing.pl\/blog\/dzien-bez-samochodu\/#primaryimage"},"image":{"@id":"https:\/\/go-racing.pl\/blog\/dzien-bez-samochodu\/#primaryimage"},"thumbnailUrl":"https:\/\/go-racing.pl\/blog\/wp-content\/uploads\/2022\/09\/AdobeStock_93376314-scaled.jpeg","datePublished":"2022-09-11T06:25:00+00:00","dateModified":"2022-09-13T06:50:50+00:00","description":"Sprawd\u017a, kiedy obchodzimy Dzie\u0144 Bez Samochodu. Czy wiesz, jakie jest g\u0142\u00f3wne za\u0142o\u017cenie obchod\u00f3w tego \u015bwi\u0119ta?","breadcrumb":{"@id":"https:\/\/go-racing.pl\/blog\/dzien-bez-samochodu\/#breadcrumb"},"inLanguage":"pl-PL","potentialAction":[{"@type":"ReadAction","target":["https:\/\/go-racing.pl\/blog\/dzien-bez-samochodu\/"]}]},{"@type":"ImageObject","inLanguage":"pl-PL","@id":"https:\/\/go-racing.pl\/blog\/dzien-bez-samochodu\/#primaryimage","url":"https:\/\/go-racing.pl\/blog\/wp-content\/uploads\/2022\/09\/AdobeStock_93376314-scaled.jpeg","contentUrl":"https:\/\/go-racing.pl\/blog\/wp-content\/uploads\/2022\/09\/AdobeStock_93376314-scaled.jpeg","width":2560,"height":1707,"caption":"empty asphalt road of a modern city with skyscrapers"},{"@type":"BreadcrumbList","@id":"https:\/\/go-racing.pl\/blog\/dzien-bez-samochodu\/#breadcrumb","itemListElement":[{"@type":"ListItem","position":1,"name":"Strona g\u0142\u00f3wna","item":"https:\/\/go-racing.pl\/blog\/"},{"@type":"ListItem","position":2,"name":"Dzie\u0144 Bez Samochodu"}]},{"@type":"WebSite","@id":"https:\/\/go-racing.pl\/blog\/#website","url":"https:\/\/go-racing.pl\/blog\/","name":"Go-racing","description":"Fotorelacje z imprez, newsy motoryzacyjne, szczeg\u00f3\u0142owe opisy sportowych aut.","publisher":{"@id":"https:\/\/go-racing.pl\/blog\/#organization"},"potentialAction":[{"@type":"SearchAction","target":{"@type":"EntryPoint","urlTemplate":"https:\/\/go-racing.pl\/blog\/?s={search_term_string}"},"query-input":{"@type":"PropertyValueSpecification","valueRequired":true,"valueName":"search_term_string"}}],"inLanguage":"pl-PL"},{"@type":"Organization","@id":"https:\/\/go-racing.pl\/blog\/#organization","name":"go-racing","url":"https:\/\/go-racing.pl\/blog\/","logo":{"@type":"ImageObject","inLanguage":"pl-PL","@id":"https:\/\/go-racing.pl\/blog\/#\/schema\/logo\/image\/","url":"https:\/\/go-racing.pl\/blog\/wp-content\/uploads\/2015\/05\/logo.jpg","contentUrl":"https:\/\/go-racing.pl\/blog\/wp-content\/uploads\/2015\/05\/logo.jpg","width":113,"height":32,"caption":"go-racing"},"image":{"@id":"https:\/\/go-racing.pl\/blog\/#\/schema\/logo\/image\/"},"sameAs":["https:\/\/www.facebook.com\/goracingpl","https:\/\/x.com\/goracing_pl","https:\/\/instagram.com\/go_racing_pl","https:\/\/www.youtube.com\/channel\/UCEdVDV_efJn6tpPWXefkCGQ"]},{"@type":"Person","@id":"https:\/\/go-racing.pl\/blog\/#\/schema\/person\/a678d7f28dcd83e14c0eca3efb56552a","name":"Fabian Kozio\u0142ek","image":{"@type":"ImageObject","inLanguage":"pl-PL","@id":"https:\/\/secure.gravatar.com\/avatar\/95e26156ea08c6a0fd3455057ef9fcd86b408874d3120de25dbba63b247528fb?s=96&d=mm&r=g","url":"https:\/\/secure.gravatar.com\/avatar\/95e26156ea08c6a0fd3455057ef9fcd86b408874d3120de25dbba63b247528fb?s=96&d=mm&r=g","contentUrl":"https:\/\/secure.gravatar.com\/avatar\/95e26156ea08c6a0fd3455057ef9fcd86b408874d3120de25dbba63b247528fb?s=96&d=mm&r=g","caption":"Fabian Kozio\u0142ek"},"description":"Absolwent Uniwersytetu \u015al\u0105skiego, gdzie zdoby\u0142 tytu\u0142 magistra filozofii. Akademicka droga ukszta\u0142towa\u0142a w nim g\u0142\u0119bokie zrozumienie dla z\u0142o\u017cono\u015bci \u015bwiata, co odnajduje tak\u017ce w motoryzacji \u2014 dziedzinie, kt\u00f3r\u0105 od lat opisuje. Jako autor artyku\u0142\u00f3w motoryzacyjnych (i nie tylko) \u0142\u0105czy precyzj\u0119 fakt\u00f3w z filozoficznym zaci\u0119ciem do poszukiwania g\u0142\u0119bszych znacze\u0144 i trend\u00f3w. Szczeg\u00f3lnie upodoba\u0142 sobie kultowe marki, takie jak Ford Mustang i Ferrari, kt\u00f3re \u0142\u0105cz\u0105 w sobie si\u0142\u0119, styl i innowacyjno\u015b\u0107 \u2014 dla autora warto\u015bci kluczowe zar\u00f3wno w motoryzacji, jak i w \u017cyciu. Prywatnie prowadzi poczytnego bloga o wszystkim, co m\u0119skie. Ponadto zg\u0142\u0119bia tajniki sztucznej inteligencji."}]}},"wps_subtitle":"","amp_enabled":true,"_links":{"self":[{"href":"https:\/\/go-racing.pl\/blog\/wp-json\/wp\/v2\/posts\/4058","targetHints":{"allow":["GET"]}}],"collection":[{"href":"https:\/\/go-racing.pl\/blog\/wp-json\/wp\/v2\/posts"}],"about":[{"href":"https:\/\/go-racing.pl\/blog\/wp-json\/wp\/v2\/types\/post"}],"author":[{"embeddable":true,"href":"https:\/\/go-racing.pl\/blog\/wp-json\/wp\/v2\/users\/101028"}],"replies":[{"embeddable":true,"href":"https:\/\/go-racing.pl\/blog\/wp-json\/wp\/v2\/comments?post=4058"}],"version-history":[{"count":1,"href":"https:\/\/go-racing.pl\/blog\/wp-json\/wp\/v2\/posts\/4058\/revisions"}],"predecessor-version":[{"id":4066,"href":"https:\/\/go-racing.pl\/blog\/wp-json\/wp\/v2\/posts\/4058\/revisions\/4066"}],"wp:featuredmedia":[{"embeddable":true,"href":"https:\/\/go-racing.pl\/blog\/wp-json\/wp\/v2\/media\/4059"}],"wp:attachment":[{"href":"https:\/\/go-racing.pl\/blog\/wp-json\/wp\/v2\/media?parent=4058"}],"wp:term":[{"taxonomy":"category","embeddable":true,"href":"https:\/\/go-racing.pl\/blog\/wp-json\/wp\/v2\/categories?post=4058"},{"taxonomy":"post_tag","embeddable":true,"href":"https:\/\/go-racing.pl\/blog\/wp-json\/wp\/v2\/tags?post=4058"},{"taxonomy":"reaction","embeddable":true,"href":"https:\/\/go-racing.pl\/blog\/wp-json\/wp\/v2\/reaction?post=4058"}],"curies":[{"name":"wp","href":"https:\/\/api.w.org\/{rel}","templated":true}]}}